{"id":6595,"date":"2025-08-20T02:51:07","date_gmt":"2025-08-19T23:51:07","guid":{"rendered":"https:\/\/stage-ibratec.fuerzastudio.com\/?p=6595"},"modified":"2025-08-20T03:15:26","modified_gmt":"2025-08-20T00:15:26","slug":"bienvenido-al-blog-de-ibratec","status":"publish","type":"post","link":"https:\/\/stage-ibratec.fuerzastudio.com\/es\/bienvenido-al-blog-de-ibratec\/","title":{"rendered":"\u00a1Bienvenido al blog de Ibratec!"},"content":{"rendered":"\n<p>Bienvenido al Blog de Ibratec, un espacio creado para que te mantengas actualizado sobre las \u00faltimas tendencias y novedades en el mundo de los embalajes de cart\u00f3n, as\u00ed como conocer m\u00e1s sobre las soluciones sustentables que desarrollamos para diversos segmentos del mercado.<br\/><\/p>\n\n<h2 class=\"wp-block-heading\"><strong>Quienes somos<\/strong><\/h2>\n\n<p>Ibratec es una de las mayores empresas de embalajes de Am\u00e9rica Latina, especializada en cart\u00f3n, una materia prima renovable, reciclable y de bajo impacto ambiental. Con unidades de producci\u00f3n de alta tecnolog\u00eda, producimos m\u00e1s de 4 mil millones de botellas al a\u00f1o, combinando un alto rendimiento con una total neutralidad en emisiones de gases de efecto invernadero (GEI).<\/p>\n\n<p>Nuestro objetivo es transformar el cart\u00f3n en envases que combinen funcionalidad, dise\u00f1o y sostenibilidad, contribuyendo a un futuro m\u00e1s consciente.<\/p>\n\n<h2 class=\"wp-block-heading\">Nuestra misi\u00f3n<\/h2>\n\n<p>En Ibratec, cada soluci\u00f3n se desarrolla para satisfacer las necesidades espec\u00edficas de nuestros clientes, con un enfoque en la personalizaci\u00f3n, la innovaci\u00f3n y el impacto positivo en el medio ambiente.<\/p>\n\n<h2 class=\"wp-block-heading\">\u00a1Participar!<\/h2>\n\n<p>Si\u00e9ntete libre de explorar, interactuar y dejar tus comentarios. Queremos que este blog sea un espacio de inspiraci\u00f3n, aprendizaje e intercambio de ideas, conectando a quienes buscan innovaci\u00f3n, sostenibilidad y excelencia en envases de cart\u00f3n.<\/p>\n","protected":false},"excerpt":{"rendered":"<p>Bienvenido al Blog de Ibratec, un espacio creado para que te mantengas actualizado sobre las \u00faltimas tendencias y novedades en el mundo de los embalajes de cart\u00f3n, as\u00ed como conocer m\u00e1s sobre las soluciones sustentables que desarrollamos para diversos segmentos del mercado. Quienes somos Ibratec es una de las mayores empresas de embalajes de Am\u00e9rica [&hellip;]<\/p>\n","protected":false},"author":1,"featured_media":6468,"comment_status":"open","ping_status":"open","sticky":false,"template":"","format":"standard","meta":{"_acf_changed":false,"footnotes":""},"categories":[44],"tags":[],"class_list":["post-6595","post","type-post","status-publish","format-standard","has-post-thumbnail","hentry","category-noticias-es"],"acf":[],"yoast_head":"<!-- This site is optimized with the Yoast SEO plugin v25.4 - https:\/\/yoast.com\/wordpress\/plugins\/seo\/ -->\n<title>\u00a1Bienvenido al blog de Ibratec! - Ibratec<\/title>\n<meta name=\"robots\" content=\"index, follow, max-snippet:-1, max-image-preview:large, max-video-preview:-1\" \/>\n<link rel=\"canonical\" href=\"https:\/\/stage-ibratec.fuerzastudio.com\/es\/bienvenido-al-blog-de-ibratec\/\" \/>\n<meta property=\"og:locale\" content=\"es_ES\" \/>\n<meta property=\"og:type\" content=\"article\" \/>\n<meta property=\"og:title\" content=\"\u00a1Bienvenido al blog de Ibratec! - Ibratec\" \/>\n<meta property=\"og:description\" content=\"Bienvenido al Blog de Ibratec, un espacio creado para que te mantengas actualizado sobre las \u00faltimas tendencias y novedades en el mundo de los embalajes de cart\u00f3n, as\u00ed como conocer m\u00e1s sobre las soluciones sustentables que desarrollamos para diversos segmentos del mercado. Quienes somos Ibratec es una de las mayores empresas de embalajes de Am\u00e9rica [&hellip;]\" \/>\n<meta property=\"og:url\" content=\"https:\/\/stage-ibratec.fuerzastudio.com\/es\/bienvenido-al-blog-de-ibratec\/\" \/>\n<meta property=\"og:site_name\" content=\"Ibratec\" \/>\n<meta property=\"article:published_time\" content=\"2025-08-19T23:51:07+00:00\" \/>\n<meta property=\"article:modified_time\" content=\"2025-08-20T00:15:26+00:00\" \/>\n<meta property=\"og:image\" content=\"https:\/\/stage-ibratec.fuerzastudio.com\/wp-content\/uploads\/2025\/08\/DJI_20250228112201_0049_DNR.jpg\" \/>\n\t<meta property=\"og:image:width\" content=\"1920\" \/>\n\t<meta property=\"og:image:height\" content=\"1080\" \/>\n\t<meta property=\"og:image:type\" content=\"image\/jpeg\" \/>\n<meta name=\"author\" content=\"fuerzastudio\" \/>\n<meta name=\"twitter:card\" content=\"summary_large_image\" \/>\n<meta name=\"twitter:label1\" content=\"Written by\" \/>\n\t<meta name=\"twitter:data1\" content=\"fuerzastudio\" \/>\n\t<meta name=\"twitter:label2\" content=\"Est. reading time\" \/>\n\t<meta name=\"twitter:data2\" content=\"1 minute\" \/>\n<script type=\"application\/ld+json\" class=\"yoast-schema-graph\">{\"@context\":\"https:\/\/schema.org\",\"@graph\":[{\"@type\":\"Article\",\"@id\":\"https:\/\/stage-ibratec.fuerzastudio.com\/es\/bienvenido-al-blog-de-ibratec\/#article\",\"isPartOf\":{\"@id\":\"https:\/\/stage-ibratec.fuerzastudio.com\/es\/bienvenido-al-blog-de-ibratec\/\"},\"author\":{\"name\":\"fuerzastudio\",\"@id\":\"https:\/\/stage-ibratec.fuerzastudio.com\/#\/schema\/person\/76459bccf86e244a75d1844fbe977fcf\"},\"headline\":\"\u00a1Bienvenido al blog de Ibratec!\",\"datePublished\":\"2025-08-19T23:51:07+00:00\",\"dateModified\":\"2025-08-20T00:15:26+00:00\",\"mainEntityOfPage\":{\"@id\":\"https:\/\/stage-ibratec.fuerzastudio.com\/es\/bienvenido-al-blog-de-ibratec\/\"},\"wordCount\":214,\"commentCount\":0,\"publisher\":{\"@id\":\"https:\/\/stage-ibratec.fuerzastudio.com\/#organization\"},\"image\":{\"@id\":\"https:\/\/stage-ibratec.fuerzastudio.com\/es\/bienvenido-al-blog-de-ibratec\/#primaryimage\"},\"thumbnailUrl\":\"https:\/\/stage-ibratec.fuerzastudio.com\/wp-content\/uploads\/2025\/08\/DJI_20250228112201_0049_DNR.jpg\",\"articleSection\":[\"Noticias\"],\"inLanguage\":\"es-ES\",\"potentialAction\":[{\"@type\":\"CommentAction\",\"name\":\"Comment\",\"target\":[\"https:\/\/stage-ibratec.fuerzastudio.com\/es\/bienvenido-al-blog-de-ibratec\/#respond\"]}]},{\"@type\":\"WebPage\",\"@id\":\"https:\/\/stage-ibratec.fuerzastudio.com\/es\/bienvenido-al-blog-de-ibratec\/\",\"url\":\"https:\/\/stage-ibratec.fuerzastudio.com\/es\/bienvenido-al-blog-de-ibratec\/\",\"name\":\"\u00a1Bienvenido al blog de Ibratec! - Ibratec\",\"isPartOf\":{\"@id\":\"https:\/\/stage-ibratec.fuerzastudio.com\/#website\"},\"primaryImageOfPage\":{\"@id\":\"https:\/\/stage-ibratec.fuerzastudio.com\/es\/bienvenido-al-blog-de-ibratec\/#primaryimage\"},\"image\":{\"@id\":\"https:\/\/stage-ibratec.fuerzastudio.com\/es\/bienvenido-al-blog-de-ibratec\/#primaryimage\"},\"thumbnailUrl\":\"https:\/\/stage-ibratec.fuerzastudio.com\/wp-content\/uploads\/2025\/08\/DJI_20250228112201_0049_DNR.jpg\",\"datePublished\":\"2025-08-19T23:51:07+00:00\",\"dateModified\":\"2025-08-20T00:15:26+00:00\",\"breadcrumb\":{\"@id\":\"https:\/\/stage-ibratec.fuerzastudio.com\/es\/bienvenido-al-blog-de-ibratec\/#breadcrumb\"},\"inLanguage\":\"es-ES\",\"potentialAction\":[{\"@type\":\"ReadAction\",\"target\":[\"https:\/\/stage-ibratec.fuerzastudio.com\/es\/bienvenido-al-blog-de-ibratec\/\"]}]},{\"@type\":\"ImageObject\",\"inLanguage\":\"es-ES\",\"@id\":\"https:\/\/stage-ibratec.fuerzastudio.com\/es\/bienvenido-al-blog-de-ibratec\/#primaryimage\",\"url\":\"https:\/\/stage-ibratec.fuerzastudio.com\/wp-content\/uploads\/2025\/08\/DJI_20250228112201_0049_DNR.jpg\",\"contentUrl\":\"https:\/\/stage-ibratec.fuerzastudio.com\/wp-content\/uploads\/2025\/08\/DJI_20250228112201_0049_DNR.jpg\",\"width\":1920,\"height\":1080,\"caption\":\"default\"},{\"@type\":\"BreadcrumbList\",\"@id\":\"https:\/\/stage-ibratec.fuerzastudio.com\/es\/bienvenido-al-blog-de-ibratec\/#breadcrumb\",\"itemListElement\":[{\"@type\":\"ListItem\",\"position\":1,\"name\":\"Home\",\"item\":\"https:\/\/stage-ibratec.fuerzastudio.com\/es\/\"},{\"@type\":\"ListItem\",\"position\":2,\"name\":\"\u00a1Bienvenido al blog de Ibratec!\"}]},{\"@type\":\"WebSite\",\"@id\":\"https:\/\/stage-ibratec.fuerzastudio.com\/#website\",\"url\":\"https:\/\/stage-ibratec.fuerzastudio.com\/\",\"name\":\"Ibratec\",\"description\":\"\",\"publisher\":{\"@id\":\"https:\/\/stage-ibratec.fuerzastudio.com\/#organization\"},\"potentialAction\":[{\"@type\":\"SearchAction\",\"target\":{\"@type\":\"EntryPoint\",\"urlTemplate\":\"https:\/\/stage-ibratec.fuerzastudio.com\/?s={search_term_string}\"},\"query-input\":{\"@type\":\"PropertyValueSpecification\",\"valueRequired\":true,\"valueName\":\"search_term_string\"}}],\"inLanguage\":\"es-ES\"},{\"@type\":\"Organization\",\"@id\":\"https:\/\/stage-ibratec.fuerzastudio.com\/#organization\",\"name\":\"Ibratec\",\"url\":\"https:\/\/stage-ibratec.fuerzastudio.com\/\",\"logo\":{\"@type\":\"ImageObject\",\"inLanguage\":\"es-ES\",\"@id\":\"https:\/\/stage-ibratec.fuerzastudio.com\/#\/schema\/logo\/image\/\",\"url\":\"https:\/\/stage-ibratec.fuerzastudio.com\/wp-content\/uploads\/2025\/06\/logo.svg\",\"contentUrl\":\"https:\/\/stage-ibratec.fuerzastudio.com\/wp-content\/uploads\/2025\/06\/logo.svg\",\"caption\":\"Ibratec\"},\"image\":{\"@id\":\"https:\/\/stage-ibratec.fuerzastudio.com\/#\/schema\/logo\/image\/\"}},{\"@type\":\"Person\",\"@id\":\"https:\/\/stage-ibratec.fuerzastudio.com\/#\/schema\/person\/76459bccf86e244a75d1844fbe977fcf\",\"name\":\"fuerzastudio\",\"image\":{\"@type\":\"ImageObject\",\"inLanguage\":\"es-ES\",\"@id\":\"https:\/\/stage-ibratec.fuerzastudio.com\/#\/schema\/person\/image\/\",\"url\":\"https:\/\/secure.gravatar.com\/avatar\/2a2e76927136ffe8077b9dded5c01de07abd892985b354856c788fc85cf5b8f2?s=96&d=mm&r=g\",\"contentUrl\":\"https:\/\/secure.gravatar.com\/avatar\/2a2e76927136ffe8077b9dded5c01de07abd892985b354856c788fc85cf5b8f2?s=96&d=mm&r=g\",\"caption\":\"fuerzastudio\"},\"description\":\"Jornalista, mestre em comunica\u00e7\u00e3o e assessor da Ibratec\",\"sameAs\":[\"https:\/\/stage-ibratec.fuerzastudio.com\"],\"url\":\"https:\/\/stage-ibratec.fuerzastudio.com\/es\/author\/fuerzastudio\/\"}]}<\/script>\n<!-- \/ Yoast SEO plugin. -->","yoast_head_json":{"title":"\u00a1Bienvenido al blog de Ibratec! - Ibratec","robots":{"index":"index","follow":"follow","max-snippet":"max-snippet:-1","max-image-preview":"max-image-preview:large","max-video-preview":"max-video-preview:-1"},"canonical":"https:\/\/stage-ibratec.fuerzastudio.com\/es\/bienvenido-al-blog-de-ibratec\/","og_locale":"es_ES","og_type":"article","og_title":"\u00a1Bienvenido al blog de Ibratec! - Ibratec","og_description":"Bienvenido al Blog de Ibratec, un espacio creado para que te mantengas actualizado sobre las \u00faltimas tendencias y novedades en el mundo de los embalajes de cart\u00f3n, as\u00ed como conocer m\u00e1s sobre las soluciones sustentables que desarrollamos para diversos segmentos del mercado. Quienes somos Ibratec es una de las mayores empresas de embalajes de Am\u00e9rica [&hellip;]","og_url":"https:\/\/stage-ibratec.fuerzastudio.com\/es\/bienvenido-al-blog-de-ibratec\/","og_site_name":"Ibratec","article_published_time":"2025-08-19T23:51:07+00:00","article_modified_time":"2025-08-20T00:15:26+00:00","og_image":[{"width":1920,"height":1080,"url":"https:\/\/stage-ibratec.fuerzastudio.com\/wp-content\/uploads\/2025\/08\/DJI_20250228112201_0049_DNR.jpg","type":"image\/jpeg"}],"author":"fuerzastudio","twitter_card":"summary_large_image","twitter_misc":{"Written by":"fuerzastudio","Est. reading time":"1 minute"},"schema":{"@context":"https:\/\/schema.org","@graph":[{"@type":"Article","@id":"https:\/\/stage-ibratec.fuerzastudio.com\/es\/bienvenido-al-blog-de-ibratec\/#article","isPartOf":{"@id":"https:\/\/stage-ibratec.fuerzastudio.com\/es\/bienvenido-al-blog-de-ibratec\/"},"author":{"name":"fuerzastudio","@id":"https:\/\/stage-ibratec.fuerzastudio.com\/#\/schema\/person\/76459bccf86e244a75d1844fbe977fcf"},"headline":"\u00a1Bienvenido al blog de Ibratec!","datePublished":"2025-08-19T23:51:07+00:00","dateModified":"2025-08-20T00:15:26+00:00","mainEntityOfPage":{"@id":"https:\/\/stage-ibratec.fuerzastudio.com\/es\/bienvenido-al-blog-de-ibratec\/"},"wordCount":214,"commentCount":0,"publisher":{"@id":"https:\/\/stage-ibratec.fuerzastudio.com\/#organization"},"image":{"@id":"https:\/\/stage-ibratec.fuerzastudio.com\/es\/bienvenido-al-blog-de-ibratec\/#primaryimage"},"thumbnailUrl":"https:\/\/stage-ibratec.fuerzastudio.com\/wp-content\/uploads\/2025\/08\/DJI_20250228112201_0049_DNR.jpg","articleSection":["Noticias"],"inLanguage":"es-ES","potentialAction":[{"@type":"CommentAction","name":"Comment","target":["https:\/\/stage-ibratec.fuerzastudio.com\/es\/bienvenido-al-blog-de-ibratec\/#respond"]}]},{"@type":"WebPage","@id":"https:\/\/stage-ibratec.fuerzastudio.com\/es\/bienvenido-al-blog-de-ibratec\/","url":"https:\/\/stage-ibratec.fuerzastudio.com\/es\/bienvenido-al-blog-de-ibratec\/","name":"\u00a1Bienvenido al blog de Ibratec! - Ibratec","isPartOf":{"@id":"https:\/\/stage-ibratec.fuerzastudio.com\/#website"},"primaryImageOfPage":{"@id":"https:\/\/stage-ibratec.fuerzastudio.com\/es\/bienvenido-al-blog-de-ibratec\/#primaryimage"},"image":{"@id":"https:\/\/stage-ibratec.fuerzastudio.com\/es\/bienvenido-al-blog-de-ibratec\/#primaryimage"},"thumbnailUrl":"https:\/\/stage-ibratec.fuerzastudio.com\/wp-content\/uploads\/2025\/08\/DJI_20250228112201_0049_DNR.jpg","datePublished":"2025-08-19T23:51:07+00:00","dateModified":"2025-08-20T00:15:26+00:00","breadcrumb":{"@id":"https:\/\/stage-ibratec.fuerzastudio.com\/es\/bienvenido-al-blog-de-ibratec\/#breadcrumb"},"inLanguage":"es-ES","potentialAction":[{"@type":"ReadAction","target":["https:\/\/stage-ibratec.fuerzastudio.com\/es\/bienvenido-al-blog-de-ibratec\/"]}]},{"@type":"ImageObject","inLanguage":"es-ES","@id":"https:\/\/stage-ibratec.fuerzastudio.com\/es\/bienvenido-al-blog-de-ibratec\/#primaryimage","url":"https:\/\/stage-ibratec.fuerzastudio.com\/wp-content\/uploads\/2025\/08\/DJI_20250228112201_0049_DNR.jpg","contentUrl":"https:\/\/stage-ibratec.fuerzastudio.com\/wp-content\/uploads\/2025\/08\/DJI_20250228112201_0049_DNR.jpg","width":1920,"height":1080,"caption":"default"},{"@type":"BreadcrumbList","@id":"https:\/\/stage-ibratec.fuerzastudio.com\/es\/bienvenido-al-blog-de-ibratec\/#breadcrumb","itemListElement":[{"@type":"ListItem","position":1,"name":"Home","item":"https:\/\/stage-ibratec.fuerzastudio.com\/es\/"},{"@type":"ListItem","position":2,"name":"\u00a1Bienvenido al blog de Ibratec!"}]},{"@type":"WebSite","@id":"https:\/\/stage-ibratec.fuerzastudio.com\/#website","url":"https:\/\/stage-ibratec.fuerzastudio.com\/","name":"Ibratec","description":"","publisher":{"@id":"https:\/\/stage-ibratec.fuerzastudio.com\/#organization"},"potentialAction":[{"@type":"SearchAction","target":{"@type":"EntryPoint","urlTemplate":"https:\/\/stage-ibratec.fuerzastudio.com\/?s={search_term_string}"},"query-input":{"@type":"PropertyValueSpecification","valueRequired":true,"valueName":"search_term_string"}}],"inLanguage":"es-ES"},{"@type":"Organization","@id":"https:\/\/stage-ibratec.fuerzastudio.com\/#organization","name":"Ibratec","url":"https:\/\/stage-ibratec.fuerzastudio.com\/","logo":{"@type":"ImageObject","inLanguage":"es-ES","@id":"https:\/\/stage-ibratec.fuerzastudio.com\/#\/schema\/logo\/image\/","url":"https:\/\/stage-ibratec.fuerzastudio.com\/wp-content\/uploads\/2025\/06\/logo.svg","contentUrl":"https:\/\/stage-ibratec.fuerzastudio.com\/wp-content\/uploads\/2025\/06\/logo.svg","caption":"Ibratec"},"image":{"@id":"https:\/\/stage-ibratec.fuerzastudio.com\/#\/schema\/logo\/image\/"}},{"@type":"Person","@id":"https:\/\/stage-ibratec.fuerzastudio.com\/#\/schema\/person\/76459bccf86e244a75d1844fbe977fcf","name":"fuerzastudio","image":{"@type":"ImageObject","inLanguage":"es-ES","@id":"https:\/\/stage-ibratec.fuerzastudio.com\/#\/schema\/person\/image\/","url":"https:\/\/secure.gravatar.com\/avatar\/2a2e76927136ffe8077b9dded5c01de07abd892985b354856c788fc85cf5b8f2?s=96&d=mm&r=g","contentUrl":"https:\/\/secure.gravatar.com\/avatar\/2a2e76927136ffe8077b9dded5c01de07abd892985b354856c788fc85cf5b8f2?s=96&d=mm&r=g","caption":"fuerzastudio"},"description":"Jornalista, mestre em comunica\u00e7\u00e3o e assessor da Ibratec","sameAs":["https:\/\/stage-ibratec.fuerzastudio.com"],"url":"https:\/\/stage-ibratec.fuerzastudio.com\/es\/author\/fuerzastudio\/"}]}},"_links":{"self":[{"href":"https:\/\/stage-ibratec.fuerzastudio.com\/es\/wp-json\/wp\/v2\/posts\/6595","targetHints":{"allow":["GET"]}}],"collection":[{"href":"https:\/\/stage-ibratec.fuerzastudio.com\/es\/wp-json\/wp\/v2\/posts"}],"about":[{"href":"https:\/\/stage-ibratec.fuerzastudio.com\/es\/wp-json\/wp\/v2\/types\/post"}],"author":[{"embeddable":true,"href":"https:\/\/stage-ibratec.fuerzastudio.com\/es\/wp-json\/wp\/v2\/users\/1"}],"replies":[{"embeddable":true,"href":"https:\/\/stage-ibratec.fuerzastudio.com\/es\/wp-json\/wp\/v2\/comments?post=6595"}],"version-history":[{"count":2,"href":"https:\/\/stage-ibratec.fuerzastudio.com\/es\/wp-json\/wp\/v2\/posts\/6595\/revisions"}],"predecessor-version":[{"id":6635,"href":"https:\/\/stage-ibratec.fuerzastudio.com\/es\/wp-json\/wp\/v2\/posts\/6595\/revisions\/6635"}],"wp:featuredmedia":[{"embeddable":true,"href":"https:\/\/stage-ibratec.fuerzastudio.com\/es\/wp-json\/wp\/v2\/media\/6468"}],"wp:attachment":[{"href":"https:\/\/stage-ibratec.fuerzastudio.com\/es\/wp-json\/wp\/v2\/media?parent=6595"}],"wp:term":[{"taxonomy":"category","embeddable":true,"href":"https:\/\/stage-ibratec.fuerzastudio.com\/es\/wp-json\/wp\/v2\/categories?post=6595"},{"taxonomy":"post_tag","embeddable":true,"href":"https:\/\/stage-ibratec.fuerzastudio.com\/es\/wp-json\/wp\/v2\/tags?post=6595"}],"curies":[{"name":"wp","href":"https:\/\/api.w.org\/{rel}","templated":true}]}}