{"id":6610,"date":"2025-08-19T22:00:00","date_gmt":"2025-08-19T19:00:00","guid":{"rendered":"https:\/\/stage-ibratec.fuerzastudio.com\/?p=6610"},"modified":"2025-08-20T03:13:25","modified_gmt":"2025-08-20T00:13:25","slug":"como-se-clasifican-los-paquetes","status":"publish","type":"post","link":"https:\/\/stage-ibratec.fuerzastudio.com\/es\/como-se-clasifican-los-paquetes\/","title":{"rendered":"\u00bfC\u00f3mo se clasifican los paquetes?"},"content":{"rendered":"\n<p><\/p>\n\n<p>Al analizar el embalaje, a menudo solo vemos la caja, la bolsa o cualquier otro elemento que proteja el producto. Pero detr\u00e1s de cada elecci\u00f3n de material, forma y funci\u00f3n se esconde un sistema de clasificaci\u00f3n que ayuda a la industria a determinar qu\u00e9 tipo de embalaje utilizar en cada situaci\u00f3n. <\/p>\n\n<p>En este art\u00edculo explicaremos c\u00f3mo se clasifican los envases, aportando ejemplos pr\u00e1cticos y mostrando c\u00f3mo Ibratec aplica este concepto para crear soluciones.<\/p>\n\n<h2 class=\"wp-block-heading\"><strong>Las 3 categor\u00edas principales de embalajes<\/strong><\/h2>\n\n<figure class=\"wp-block-image\"><a href=\"https:\/\/lh7-rt.googleusercontent.com\/docsz\/AD_4nXd3bBpCndOsZnGfvu5zkRiYNXCAJBopG0_54tveLpf5hwh5i55XeK8b1oN6srMXvaK6uC2w9HgeYDUmQaUfXytgzXP5uIVlT165KuZQmMc1WDQ9qpqeOwNAb7QgMMBvVMf9w46q_w?key=2rYzbWiqg17uB5zQ61qgtQ\"><img decoding=\"async\" src=\"https:\/\/lh7-rt.googleusercontent.com\/docsz\/AD_4nXd3bBpCndOsZnGfvu5zkRiYNXCAJBopG0_54tveLpf5hwh5i55XeK8b1oN6srMXvaK6uC2w9HgeYDUmQaUfXytgzXP5uIVlT165KuZQmMc1WDQ9qpqeOwNAb7QgMMBvVMf9w46q_w?key=2rYzbWiqg17uB5zQ61qgtQ\" alt=\"\"\/><\/a><\/figure>\n\n<p>La clasificaci\u00f3n m\u00e1s utilizada por la industria divide los envases en <strong>primarios, secundarios y terciarios.<\/strong><\/p>\n\n<h3 class=\"wp-block-heading\"><strong>1. Envase primario<\/strong><\/h3>\n\n<p>Es el que est\u00e1 en contacto directo con el producto. Ejemplos:<\/p>\n\n<ul class=\"wp-block-list\">\n<li>Caja de cart\u00f3n para dulces;<br\/><\/li>\n\n\n\n<li>Vaso de papel para bebidas calientes.<br\/><\/li>\n<\/ul>\n\n<p><strong>Funciones principales:<\/strong><\/p>\n\n<ul class=\"wp-block-list\">\n<li>Preservar la integridad y seguridad del contenido;<br\/><\/li>\n\n\n\n<li>Informar al consumidor con etiquetas e instrucciones;<br\/><\/li>\n\n\n\n<li>Aumentar el atractivo visual en el punto de venta.<br\/><\/li>\n<\/ul>\n\n<h3 class=\"wp-block-heading\"><strong>2. Embalaje secundario<\/strong><\/h3>\n\n<p>Agrupa y protege m\u00faltiples materiales de embalaje primario. Ejemplos:<\/p>\n\n<ul class=\"wp-block-list\">\n<li>Caja de cereales, avena;<br\/><\/li>\n\n\n\n<li>Cartucho que contiene varias latas de refresco.<br\/><\/li>\n<\/ul>\n\n<p><strong>Funciones principales:<\/strong><\/p>\n\n<ul class=\"wp-block-list\">\n<li>Facilitar el transporte y el almacenamiento;<br\/><\/li>\n\n\n\n<li>Organizar unidades de venta en lotes;<br\/><\/li>\n<\/ul>\n\n<p>Reforzar la presentaci\u00f3n de la marca.<\/p>\n\n<h3 class=\"wp-block-heading\"><strong>3. Envases terciarios<\/strong><\/h3>\n\n<p>Se utiliza principalmente en log\u00edstica y distribuci\u00f3n de grandes vol\u00famenes. Ejemplos:<\/p>\n\n<ul class=\"wp-block-list\">\n<li>Palets envueltos en film estirable;<br\/><\/li>\n\n\n\n<li>Cajas master para transporte internacional.<br\/><\/li>\n<\/ul>\n\n<p><strong>Funciones principales:<\/strong><\/p>\n\n<ul class=\"wp-block-list\">\n<li>Garantizar la seguridad durante el transporte de larga distancia;<br\/><\/li>\n\n\n\n<li>Optimizar la carga del veh\u00edculo;<br\/><\/li>\n\n\n\n<li>Proteger contra impactos y variaciones clim\u00e1ticas.<br\/><\/li>\n<\/ul>\n\n<h2 class=\"wp-block-heading\"><strong>Tipos de envases de papel para alimentos<\/strong><\/h2>\n\n<p>El cart\u00f3n se utiliza ampliamente para el envasado de alimentos debido a su protecci\u00f3n y versatilidad. Los principales tipos incluyen: <\/p>\n\n<ul class=\"wp-block-list\">\n<li><strong>Cajas de transporte y exposici\u00f3n:<\/strong> para dulces, cereales, chocolates y productos de panader\u00eda;<br\/><\/li>\n\n\n\n<li><strong>Bandejas y divisores internos:<\/strong> para organizar y proteger los productos dentro de cajas de mayor tama\u00f1o;<br\/><\/li>\n\n\n\n<li><strong>Embalaje con cierre especial:<\/strong> como tapa a presi\u00f3n o solapas reforzadas;<br\/><\/li>\n<\/ul>\n\n<p>Cada tipo satisface una necesidad espec\u00edfica, equilibrando <strong>protecci\u00f3n, funcionalidad y atractivo visual<\/strong>.<\/p>\n\n<h2 class=\"wp-block-heading\"><strong>\u00bfY d\u00f3nde entra en juego la sostenibilidad?<\/strong><\/h2>\n\n<p>La clasificaci\u00f3n tambi\u00e9n influye en la elecci\u00f3n de materiales m\u00e1s sostenibles. En el caso del cart\u00f3n, puede utilizarse en embalajes primarios y secundarios, ofreciendo resistencia, personalizaci\u00f3n y, sobre todo, <strong>reciclabilidad<\/strong>. <\/p>\n\n<p>En Ibratec, todo el proceso est\u00e1 dise\u00f1ado para <strong>reducir el impacto ambiental<\/strong>, utilizando materias primas renovables y <strong>neutralizando completamente las emisiones de gases de efecto invernadero<\/strong>.<\/p>\n\n<h2 class=\"wp-block-heading\"><strong>Tendencias en la clasificaci\u00f3n de envases<\/strong><\/h2>\n\n<p>El mercado del embalaje est\u00e1 cambiando r\u00e1pidamente. Algunas tendencias incluyen: <\/p>\n\n<ul class=\"wp-block-list\">\n<li><strong>Multifuncionalidad<\/strong><\/li>\n\n\n\n<li><strong>Dise\u00f1o sostenible<\/strong><\/li>\n\n\n\n<li><strong>Log\u00edstica inversa<\/strong><\/li>\n<\/ul>\n\n<p>Entender c\u00f3mo se clasifica el embalaje es esencial para las empresas que quieren combinar <strong>eficiencia, seguridad y responsabilidad medioambiental<\/strong>. <\/p>\n\n<p><strong>\u00bfQuiere conocer soluciones de embalaje sostenibles para su negocio?<\/strong> Explora nuestro portafolio y descubre c\u00f3mo podemos crear el packaging ideal para tu producto.<\/p>\n","protected":false},"excerpt":{"rendered":"<p>Al analizar el embalaje, a menudo solo vemos la caja, la bolsa o cualquier otro elemento que proteja el producto. Pero detr\u00e1s de cada elecci\u00f3n de material, forma y funci\u00f3n se esconde un sistema de clasificaci\u00f3n que ayuda a la industria a determinar qu\u00e9 tipo de embalaje utilizar en cada situaci\u00f3n. En este art\u00edculo explicaremos [&hellip;]<\/p>\n","protected":false},"author":1,"featured_media":6600,"comment_status":"open","ping_status":"open","sticky":false,"template":"","format":"standard","meta":{"_acf_changed":false,"footnotes":""},"categories":[41],"tags":[],"class_list":["post-6610","post","type-post","status-publish","format-standard","has-post-thumbnail","hentry","category-embalaje"],"acf":[],"yoast_head":"<!-- This site is optimized with the Yoast SEO plugin v25.4 - https:\/\/yoast.com\/wordpress\/plugins\/seo\/ -->\n<title>\u00bfC\u00f3mo se clasifican los paquetes? - Ibratec<\/title>\n<meta name=\"robots\" content=\"index, follow, max-snippet:-1, max-image-preview:large, max-video-preview:-1\" \/>\n<link rel=\"canonical\" href=\"https:\/\/stage-ibratec.fuerzastudio.com\/es\/como-se-clasifican-los-paquetes\/\" \/>\n<meta property=\"og:locale\" content=\"es_ES\" \/>\n<meta property=\"og:type\" content=\"article\" \/>\n<meta property=\"og:title\" content=\"\u00bfC\u00f3mo se clasifican los paquetes? - Ibratec\" \/>\n<meta property=\"og:description\" content=\"Al analizar el embalaje, a menudo solo vemos la caja, la bolsa o cualquier otro elemento que proteja el producto. Pero detr\u00e1s de cada elecci\u00f3n de material, forma y funci\u00f3n se esconde un sistema de clasificaci\u00f3n que ayuda a la industria a determinar qu\u00e9 tipo de embalaje utilizar en cada situaci\u00f3n. En este art\u00edculo explicaremos [&hellip;]\" \/>\n<meta property=\"og:url\" content=\"https:\/\/stage-ibratec.fuerzastudio.com\/es\/como-se-clasifican-los-paquetes\/\" \/>\n<meta property=\"og:site_name\" content=\"Ibratec\" \/>\n<meta property=\"article:published_time\" content=\"2025-08-19T19:00:00+00:00\" \/>\n<meta property=\"article:modified_time\" content=\"2025-08-20T00:13:25+00:00\" \/>\n<meta property=\"og:image\" content=\"https:\/\/stage-ibratec.fuerzastudio.com\/wp-content\/uploads\/2025\/08\/image1-1024x732.png\" \/>\n\t<meta property=\"og:image:width\" content=\"1024\" \/>\n\t<meta property=\"og:image:height\" content=\"732\" \/>\n\t<meta property=\"og:image:type\" content=\"image\/png\" \/>\n<meta name=\"author\" content=\"fuerzastudio\" \/>\n<meta name=\"twitter:card\" content=\"summary_large_image\" \/>\n<meta name=\"twitter:label1\" content=\"Written by\" \/>\n\t<meta name=\"twitter:data1\" content=\"fuerzastudio\" \/>\n\t<meta name=\"twitter:label2\" content=\"Est. reading time\" \/>\n\t<meta name=\"twitter:data2\" content=\"2 minutes\" \/>\n<script type=\"application\/ld+json\" class=\"yoast-schema-graph\">{\"@context\":\"https:\/\/schema.org\",\"@graph\":[{\"@type\":\"Article\",\"@id\":\"https:\/\/stage-ibratec.fuerzastudio.com\/es\/como-se-clasifican-los-paquetes\/#article\",\"isPartOf\":{\"@id\":\"https:\/\/stage-ibratec.fuerzastudio.com\/es\/como-se-clasifican-los-paquetes\/\"},\"author\":{\"name\":\"fuerzastudio\",\"@id\":\"https:\/\/stage-ibratec.fuerzastudio.com\/#\/schema\/person\/76459bccf86e244a75d1844fbe977fcf\"},\"headline\":\"\u00bfC\u00f3mo se clasifican los paquetes?\",\"datePublished\":\"2025-08-19T19:00:00+00:00\",\"dateModified\":\"2025-08-20T00:13:25+00:00\",\"mainEntityOfPage\":{\"@id\":\"https:\/\/stage-ibratec.fuerzastudio.com\/es\/como-se-clasifican-los-paquetes\/\"},\"wordCount\":482,\"commentCount\":0,\"publisher\":{\"@id\":\"https:\/\/stage-ibratec.fuerzastudio.com\/#organization\"},\"image\":{\"@id\":\"https:\/\/stage-ibratec.fuerzastudio.com\/es\/como-se-clasifican-los-paquetes\/#primaryimage\"},\"thumbnailUrl\":\"https:\/\/stage-ibratec.fuerzastudio.com\/wp-content\/uploads\/2025\/08\/image1.png\",\"articleSection\":[\"Embalaje\"],\"inLanguage\":\"es-ES\",\"potentialAction\":[{\"@type\":\"CommentAction\",\"name\":\"Comment\",\"target\":[\"https:\/\/stage-ibratec.fuerzastudio.com\/es\/como-se-clasifican-los-paquetes\/#respond\"]}]},{\"@type\":\"WebPage\",\"@id\":\"https:\/\/stage-ibratec.fuerzastudio.com\/es\/como-se-clasifican-los-paquetes\/\",\"url\":\"https:\/\/stage-ibratec.fuerzastudio.com\/es\/como-se-clasifican-los-paquetes\/\",\"name\":\"\u00bfC\u00f3mo se clasifican los paquetes? - Ibratec\",\"isPartOf\":{\"@id\":\"https:\/\/stage-ibratec.fuerzastudio.com\/#website\"},\"primaryImageOfPage\":{\"@id\":\"https:\/\/stage-ibratec.fuerzastudio.com\/es\/como-se-clasifican-los-paquetes\/#primaryimage\"},\"image\":{\"@id\":\"https:\/\/stage-ibratec.fuerzastudio.com\/es\/como-se-clasifican-los-paquetes\/#primaryimage\"},\"thumbnailUrl\":\"https:\/\/stage-ibratec.fuerzastudio.com\/wp-content\/uploads\/2025\/08\/image1.png\",\"datePublished\":\"2025-08-19T19:00:00+00:00\",\"dateModified\":\"2025-08-20T00:13:25+00:00\",\"breadcrumb\":{\"@id\":\"https:\/\/stage-ibratec.fuerzastudio.com\/es\/como-se-clasifican-los-paquetes\/#breadcrumb\"},\"inLanguage\":\"es-ES\",\"potentialAction\":[{\"@type\":\"ReadAction\",\"target\":[\"https:\/\/stage-ibratec.fuerzastudio.com\/es\/como-se-clasifican-los-paquetes\/\"]}]},{\"@type\":\"ImageObject\",\"inLanguage\":\"es-ES\",\"@id\":\"https:\/\/stage-ibratec.fuerzastudio.com\/es\/como-se-clasifican-los-paquetes\/#primaryimage\",\"url\":\"https:\/\/stage-ibratec.fuerzastudio.com\/wp-content\/uploads\/2025\/08\/image1.png\",\"contentUrl\":\"https:\/\/stage-ibratec.fuerzastudio.com\/wp-content\/uploads\/2025\/08\/image1.png\",\"width\":1999,\"height\":1428},{\"@type\":\"BreadcrumbList\",\"@id\":\"https:\/\/stage-ibratec.fuerzastudio.com\/es\/como-se-clasifican-los-paquetes\/#breadcrumb\",\"itemListElement\":[{\"@type\":\"ListItem\",\"position\":1,\"name\":\"Home\",\"item\":\"https:\/\/stage-ibratec.fuerzastudio.com\/es\/\"},{\"@type\":\"ListItem\",\"position\":2,\"name\":\"\u00bfC\u00f3mo se clasifican los paquetes?\"}]},{\"@type\":\"WebSite\",\"@id\":\"https:\/\/stage-ibratec.fuerzastudio.com\/#website\",\"url\":\"https:\/\/stage-ibratec.fuerzastudio.com\/\",\"name\":\"Ibratec\",\"description\":\"\",\"publisher\":{\"@id\":\"https:\/\/stage-ibratec.fuerzastudio.com\/#organization\"},\"potentialAction\":[{\"@type\":\"SearchAction\",\"target\":{\"@type\":\"EntryPoint\",\"urlTemplate\":\"https:\/\/stage-ibratec.fuerzastudio.com\/?s={search_term_string}\"},\"query-input\":{\"@type\":\"PropertyValueSpecification\",\"valueRequired\":true,\"valueName\":\"search_term_string\"}}],\"inLanguage\":\"es-ES\"},{\"@type\":\"Organization\",\"@id\":\"https:\/\/stage-ibratec.fuerzastudio.com\/#organization\",\"name\":\"Ibratec\",\"url\":\"https:\/\/stage-ibratec.fuerzastudio.com\/\",\"logo\":{\"@type\":\"ImageObject\",\"inLanguage\":\"es-ES\",\"@id\":\"https:\/\/stage-ibratec.fuerzastudio.com\/#\/schema\/logo\/image\/\",\"url\":\"https:\/\/stage-ibratec.fuerzastudio.com\/wp-content\/uploads\/2025\/06\/logo.svg\",\"contentUrl\":\"https:\/\/stage-ibratec.fuerzastudio.com\/wp-content\/uploads\/2025\/06\/logo.svg\",\"caption\":\"Ibratec\"},\"image\":{\"@id\":\"https:\/\/stage-ibratec.fuerzastudio.com\/#\/schema\/logo\/image\/\"}},{\"@type\":\"Person\",\"@id\":\"https:\/\/stage-ibratec.fuerzastudio.com\/#\/schema\/person\/76459bccf86e244a75d1844fbe977fcf\",\"name\":\"fuerzastudio\",\"image\":{\"@type\":\"ImageObject\",\"inLanguage\":\"es-ES\",\"@id\":\"https:\/\/stage-ibratec.fuerzastudio.com\/#\/schema\/person\/image\/\",\"url\":\"https:\/\/secure.gravatar.com\/avatar\/2a2e76927136ffe8077b9dded5c01de07abd892985b354856c788fc85cf5b8f2?s=96&d=mm&r=g\",\"contentUrl\":\"https:\/\/secure.gravatar.com\/avatar\/2a2e76927136ffe8077b9dded5c01de07abd892985b354856c788fc85cf5b8f2?s=96&d=mm&r=g\",\"caption\":\"fuerzastudio\"},\"description\":\"Jornalista, mestre em comunica\u00e7\u00e3o e assessor da Ibratec\",\"sameAs\":[\"https:\/\/stage-ibratec.fuerzastudio.com\"],\"url\":\"https:\/\/stage-ibratec.fuerzastudio.com\/es\/author\/fuerzastudio\/\"}]}<\/script>\n<!-- \/ Yoast SEO plugin. -->","yoast_head_json":{"title":"\u00bfC\u00f3mo se clasifican los paquetes? - Ibratec","robots":{"index":"index","follow":"follow","max-snippet":"max-snippet:-1","max-image-preview":"max-image-preview:large","max-video-preview":"max-video-preview:-1"},"canonical":"https:\/\/stage-ibratec.fuerzastudio.com\/es\/como-se-clasifican-los-paquetes\/","og_locale":"es_ES","og_type":"article","og_title":"\u00bfC\u00f3mo se clasifican los paquetes? - Ibratec","og_description":"Al analizar el embalaje, a menudo solo vemos la caja, la bolsa o cualquier otro elemento que proteja el producto. Pero detr\u00e1s de cada elecci\u00f3n de material, forma y funci\u00f3n se esconde un sistema de clasificaci\u00f3n que ayuda a la industria a determinar qu\u00e9 tipo de embalaje utilizar en cada situaci\u00f3n. En este art\u00edculo explicaremos [&hellip;]","og_url":"https:\/\/stage-ibratec.fuerzastudio.com\/es\/como-se-clasifican-los-paquetes\/","og_site_name":"Ibratec","article_published_time":"2025-08-19T19:00:00+00:00","article_modified_time":"2025-08-20T00:13:25+00:00","og_image":[{"width":1024,"height":732,"url":"https:\/\/stage-ibratec.fuerzastudio.com\/wp-content\/uploads\/2025\/08\/image1-1024x732.png","type":"image\/png"}],"author":"fuerzastudio","twitter_card":"summary_large_image","twitter_misc":{"Written by":"fuerzastudio","Est. reading time":"2 minutes"},"schema":{"@context":"https:\/\/schema.org","@graph":[{"@type":"Article","@id":"https:\/\/stage-ibratec.fuerzastudio.com\/es\/como-se-clasifican-los-paquetes\/#article","isPartOf":{"@id":"https:\/\/stage-ibratec.fuerzastudio.com\/es\/como-se-clasifican-los-paquetes\/"},"author":{"name":"fuerzastudio","@id":"https:\/\/stage-ibratec.fuerzastudio.com\/#\/schema\/person\/76459bccf86e244a75d1844fbe977fcf"},"headline":"\u00bfC\u00f3mo se clasifican los paquetes?","datePublished":"2025-08-19T19:00:00+00:00","dateModified":"2025-08-20T00:13:25+00:00","mainEntityOfPage":{"@id":"https:\/\/stage-ibratec.fuerzastudio.com\/es\/como-se-clasifican-los-paquetes\/"},"wordCount":482,"commentCount":0,"publisher":{"@id":"https:\/\/stage-ibratec.fuerzastudio.com\/#organization"},"image":{"@id":"https:\/\/stage-ibratec.fuerzastudio.com\/es\/como-se-clasifican-los-paquetes\/#primaryimage"},"thumbnailUrl":"https:\/\/stage-ibratec.fuerzastudio.com\/wp-content\/uploads\/2025\/08\/image1.png","articleSection":["Embalaje"],"inLanguage":"es-ES","potentialAction":[{"@type":"CommentAction","name":"Comment","target":["https:\/\/stage-ibratec.fuerzastudio.com\/es\/como-se-clasifican-los-paquetes\/#respond"]}]},{"@type":"WebPage","@id":"https:\/\/stage-ibratec.fuerzastudio.com\/es\/como-se-clasifican-los-paquetes\/","url":"https:\/\/stage-ibratec.fuerzastudio.com\/es\/como-se-clasifican-los-paquetes\/","name":"\u00bfC\u00f3mo se clasifican los paquetes? - Ibratec","isPartOf":{"@id":"https:\/\/stage-ibratec.fuerzastudio.com\/#website"},"primaryImageOfPage":{"@id":"https:\/\/stage-ibratec.fuerzastudio.com\/es\/como-se-clasifican-los-paquetes\/#primaryimage"},"image":{"@id":"https:\/\/stage-ibratec.fuerzastudio.com\/es\/como-se-clasifican-los-paquetes\/#primaryimage"},"thumbnailUrl":"https:\/\/stage-ibratec.fuerzastudio.com\/wp-content\/uploads\/2025\/08\/image1.png","datePublished":"2025-08-19T19:00:00+00:00","dateModified":"2025-08-20T00:13:25+00:00","breadcrumb":{"@id":"https:\/\/stage-ibratec.fuerzastudio.com\/es\/como-se-clasifican-los-paquetes\/#breadcrumb"},"inLanguage":"es-ES","potentialAction":[{"@type":"ReadAction","target":["https:\/\/stage-ibratec.fuerzastudio.com\/es\/como-se-clasifican-los-paquetes\/"]}]},{"@type":"ImageObject","inLanguage":"es-ES","@id":"https:\/\/stage-ibratec.fuerzastudio.com\/es\/como-se-clasifican-los-paquetes\/#primaryimage","url":"https:\/\/stage-ibratec.fuerzastudio.com\/wp-content\/uploads\/2025\/08\/image1.png","contentUrl":"https:\/\/stage-ibratec.fuerzastudio.com\/wp-content\/uploads\/2025\/08\/image1.png","width":1999,"height":1428},{"@type":"BreadcrumbList","@id":"https:\/\/stage-ibratec.fuerzastudio.com\/es\/como-se-clasifican-los-paquetes\/#breadcrumb","itemListElement":[{"@type":"ListItem","position":1,"name":"Home","item":"https:\/\/stage-ibratec.fuerzastudio.com\/es\/"},{"@type":"ListItem","position":2,"name":"\u00bfC\u00f3mo se clasifican los paquetes?"}]},{"@type":"WebSite","@id":"https:\/\/stage-ibratec.fuerzastudio.com\/#website","url":"https:\/\/stage-ibratec.fuerzastudio.com\/","name":"Ibratec","description":"","publisher":{"@id":"https:\/\/stage-ibratec.fuerzastudio.com\/#organization"},"potentialAction":[{"@type":"SearchAction","target":{"@type":"EntryPoint","urlTemplate":"https:\/\/stage-ibratec.fuerzastudio.com\/?s={search_term_string}"},"query-input":{"@type":"PropertyValueSpecification","valueRequired":true,"valueName":"search_term_string"}}],"inLanguage":"es-ES"},{"@type":"Organization","@id":"https:\/\/stage-ibratec.fuerzastudio.com\/#organization","name":"Ibratec","url":"https:\/\/stage-ibratec.fuerzastudio.com\/","logo":{"@type":"ImageObject","inLanguage":"es-ES","@id":"https:\/\/stage-ibratec.fuerzastudio.com\/#\/schema\/logo\/image\/","url":"https:\/\/stage-ibratec.fuerzastudio.com\/wp-content\/uploads\/2025\/06\/logo.svg","contentUrl":"https:\/\/stage-ibratec.fuerzastudio.com\/wp-content\/uploads\/2025\/06\/logo.svg","caption":"Ibratec"},"image":{"@id":"https:\/\/stage-ibratec.fuerzastudio.com\/#\/schema\/logo\/image\/"}},{"@type":"Person","@id":"https:\/\/stage-ibratec.fuerzastudio.com\/#\/schema\/person\/76459bccf86e244a75d1844fbe977fcf","name":"fuerzastudio","image":{"@type":"ImageObject","inLanguage":"es-ES","@id":"https:\/\/stage-ibratec.fuerzastudio.com\/#\/schema\/person\/image\/","url":"https:\/\/secure.gravatar.com\/avatar\/2a2e76927136ffe8077b9dded5c01de07abd892985b354856c788fc85cf5b8f2?s=96&d=mm&r=g","contentUrl":"https:\/\/secure.gravatar.com\/avatar\/2a2e76927136ffe8077b9dded5c01de07abd892985b354856c788fc85cf5b8f2?s=96&d=mm&r=g","caption":"fuerzastudio"},"description":"Jornalista, mestre em comunica\u00e7\u00e3o e assessor da Ibratec","sameAs":["https:\/\/stage-ibratec.fuerzastudio.com"],"url":"https:\/\/stage-ibratec.fuerzastudio.com\/es\/author\/fuerzastudio\/"}]}},"_links":{"self":[{"href":"https:\/\/stage-ibratec.fuerzastudio.com\/es\/wp-json\/wp\/v2\/posts\/6610","targetHints":{"allow":["GET"]}}],"collection":[{"href":"https:\/\/stage-ibratec.fuerzastudio.com\/es\/wp-json\/wp\/v2\/posts"}],"about":[{"href":"https:\/\/stage-ibratec.fuerzastudio.com\/es\/wp-json\/wp\/v2\/types\/post"}],"author":[{"embeddable":true,"href":"https:\/\/stage-ibratec.fuerzastudio.com\/es\/wp-json\/wp\/v2\/users\/1"}],"replies":[{"embeddable":true,"href":"https:\/\/stage-ibratec.fuerzastudio.com\/es\/wp-json\/wp\/v2\/comments?post=6610"}],"version-history":[{"count":1,"href":"https:\/\/stage-ibratec.fuerzastudio.com\/es\/wp-json\/wp\/v2\/posts\/6610\/revisions"}],"predecessor-version":[{"id":6611,"href":"https:\/\/stage-ibratec.fuerzastudio.com\/es\/wp-json\/wp\/v2\/posts\/6610\/revisions\/6611"}],"wp:featuredmedia":[{"embeddable":true,"href":"https:\/\/stage-ibratec.fuerzastudio.com\/es\/wp-json\/wp\/v2\/media\/6600"}],"wp:attachment":[{"href":"https:\/\/stage-ibratec.fuerzastudio.com\/es\/wp-json\/wp\/v2\/media?parent=6610"}],"wp:term":[{"taxonomy":"category","embeddable":true,"href":"https:\/\/stage-ibratec.fuerzastudio.com\/es\/wp-json\/wp\/v2\/categories?post=6610"},{"taxonomy":"post_tag","embeddable":true,"href":"https:\/\/stage-ibratec.fuerzastudio.com\/es\/wp-json\/wp\/v2\/tags?post=6610"}],"curies":[{"name":"wp","href":"https:\/\/api.w.org\/{rel}","templated":true}]}}