{"id":6638,"date":"2025-08-20T02:55:57","date_gmt":"2025-08-19T23:55:57","guid":{"rendered":"https:\/\/stage-ibratec.fuerzastudio.com\/?p=6638"},"modified":"2025-08-20T03:13:34","modified_gmt":"2025-08-20T00:13:34","slug":"ibratec-recibe-una-calificacion-b-del-cdp","status":"publish","type":"post","link":"https:\/\/stage-ibratec.fuerzastudio.com\/es\/ibratec-recibe-una-calificacion-b-del-cdp\/","title":{"rendered":"\u00a1Ibratec recibe una calificaci\u00f3n B del CDP!"},"content":{"rendered":"\n<p>Ibratec se enorgullece de compartir otro logro importante en su trayectoria sustentable: <strong>recibimos una calificaci\u00f3n B del CDP (Carbon Disclosure Project)<\/strong>, una organizaci\u00f3n internacional que eval\u00faa a las empresas en relaci\u00f3n con la gesti\u00f3n del cambio clim\u00e1tico, las estrategias ambientales y la transparencia en las emisiones de gases de efecto invernadero (GEI).<\/p>\n\n<h2 class=\"wp-block-heading\"><strong>\u00bfQu\u00e9 significa la calificaci\u00f3n B en el CDP?<\/strong><\/h2>\n\n<p><strong>CDP<\/strong> clasifica a las empresas seg\u00fan su desempe\u00f1o ambiental, desde la gesti\u00f3n del riesgo clim\u00e1tico hasta la implementaci\u00f3n de acciones efectivas de reducci\u00f3n de emisiones.<\/p>\n\n<ul class=\"wp-block-list\">\n<li>Una <strong>calificaci\u00f3n B<\/strong> indica que la empresa demuestra una<strong> buena gesti\u00f3n ambiental<\/strong>, con <strong>acciones estructuradas y planificadas para reducir los impactos<\/strong> y cumplir los objetivos de sostenibilidad.<br\/><\/li>\n\n\n\n<li>Esta clasificaci\u00f3n reconoce a las empresas que van m\u00e1s all\u00e1 del cumplimiento, adoptando estrategias para integrar la sostenibilidad en su modelo de negocio.<br\/><\/li>\n<\/ul>\n\n<h2 class=\"wp-block-heading\"><strong>El compromiso medioambiental de Ibratec<\/strong><\/h2>\n\n<p>En Ibratec, la sostenibilidad forma parte de nuestro ADN. Algunas de las iniciativas que contribuyen a nuestro compromiso incluyen: <\/p>\n\n<ul class=\"wp-block-list\">\n<li><strong>Uso de cart\u00f3n de origen responsable<\/strong>: desde 2006, el 100% del cart\u00f3n utilizado est\u00e1 certificado FSC\u00ae.<\/li>\n\n\n\n<li><strong>El 100% de las emisiones de GEI <\/strong>en nuestras operaciones son neutralizadas;<br\/><\/li>\n\n\n\n<li><strong>Utilizamos energ\u00eda limpia<\/strong> procedente de fuentes renovables.<br\/><\/li>\n<\/ul>\n\n<h2 class=\"wp-block-heading\"><strong>\u00bfPor qu\u00e9 es importante este logro?<\/strong><\/h2>\n\n<p>Recibir una calificaci\u00f3n B del CDP reafirma que <strong>Ibratec es un referente en embalajes sostenibles<\/strong>, demostrando a clientes, socios e inversores que la empresa se preocupa por el impacto ambiental y opera con transparencia.<\/p>\n\n<p>Este logro tambi\u00e9n fomenta la <strong>mejora continua<\/strong>, reforzando nuestra estrategia de innovaci\u00f3n sostenible y nuestra responsabilidad con el medio ambiente.<\/p>\n\n<h2 class=\"wp-block-heading\"><strong>La sostenibilidad como estrategia empresarial<\/strong><\/h2>\n\n<p>M\u00e1s all\u00e1 del simple cumplimiento de las normas, Ibratec entiende que <strong>la sostenibilidad genera valor<\/strong>. Al integrar pr\u00e1cticas ambientales en la producci\u00f3n de envases de cart\u00f3n, logramos: <\/p>\n\n<ul class=\"wp-block-list\">\n<li>Reducir los impactos ambientales;<br\/><\/li>\n\n\n\n<li>Satisfacer las demandas de los consumidores conscientes;<br\/><\/li>\n\n\n\n<li>Fortalecer la imagen de marca como l\u00edder en sostenibilidad;<br\/><\/li>\n<\/ul>\n\n<p>Promover la econom\u00eda circular en toda la cadena productiva.<\/p>\n\n<p>La calificaci\u00f3n B del CDP es m\u00e1s que un reconocimiento: <strong>refleja el compromiso diario de Ibratec con la sostenibilidad y la innovaci\u00f3n responsable<\/strong>. Seguiremos invirtiendo en procesos sostenibles y soluciones de envasado que protejan tanto nuestros productos como el planeta. <br\/><br\/><\/p>\n","protected":false},"excerpt":{"rendered":"<p>Ibratec se enorgullece de compartir otro logro importante en su trayectoria sustentable: recibimos una calificaci\u00f3n B del CDP (Carbon Disclosure Project), una organizaci\u00f3n internacional que eval\u00faa a las empresas en relaci\u00f3n con la gesti\u00f3n del cambio clim\u00e1tico, las estrategias ambientales y la transparencia en las emisiones de gases de efecto invernadero (GEI). \u00bfQu\u00e9 significa la [&hellip;]<\/p>\n","protected":false},"author":1,"featured_media":6603,"comment_status":"open","ping_status":"open","sticky":false,"template":"","format":"standard","meta":{"_acf_changed":false,"footnotes":""},"categories":[44],"tags":[],"class_list":["post-6638","post","type-post","status-publish","format-standard","has-post-thumbnail","hentry","category-noticias-es"],"acf":[],"yoast_head":"<!-- This site is optimized with the Yoast SEO plugin v25.4 - https:\/\/yoast.com\/wordpress\/plugins\/seo\/ -->\n<title>\u00a1Ibratec recibe una calificaci\u00f3n B del CDP! - Ibratec<\/title>\n<meta name=\"robots\" content=\"index, follow, max-snippet:-1, max-image-preview:large, max-video-preview:-1\" \/>\n<link rel=\"canonical\" href=\"https:\/\/stage-ibratec.fuerzastudio.com\/es\/ibratec-recibe-una-calificacion-b-del-cdp\/\" \/>\n<meta property=\"og:locale\" content=\"es_ES\" \/>\n<meta property=\"og:type\" content=\"article\" \/>\n<meta property=\"og:title\" content=\"\u00a1Ibratec recibe una calificaci\u00f3n B del CDP! - Ibratec\" \/>\n<meta property=\"og:description\" content=\"Ibratec se enorgullece de compartir otro logro importante en su trayectoria sustentable: recibimos una calificaci\u00f3n B del CDP (Carbon Disclosure Project), una organizaci\u00f3n internacional que eval\u00faa a las empresas en relaci\u00f3n con la gesti\u00f3n del cambio clim\u00e1tico, las estrategias ambientales y la transparencia en las emisiones de gases de efecto invernadero (GEI). \u00bfQu\u00e9 significa la [&hellip;]\" \/>\n<meta property=\"og:url\" content=\"https:\/\/stage-ibratec.fuerzastudio.com\/es\/ibratec-recibe-una-calificacion-b-del-cdp\/\" \/>\n<meta property=\"og:site_name\" content=\"Ibratec\" \/>\n<meta property=\"article:published_time\" content=\"2025-08-19T23:55:57+00:00\" \/>\n<meta property=\"article:modified_time\" content=\"2025-08-20T00:13:34+00:00\" \/>\n<meta property=\"og:image\" content=\"https:\/\/stage-ibratec.fuerzastudio.com\/wp-content\/uploads\/2025\/08\/image2.png\" \/>\n\t<meta property=\"og:image:width\" content=\"1080\" \/>\n\t<meta property=\"og:image:height\" content=\"879\" \/>\n\t<meta property=\"og:image:type\" content=\"image\/png\" \/>\n<meta name=\"author\" content=\"fuerzastudio\" \/>\n<meta name=\"twitter:card\" content=\"summary_large_image\" \/>\n<meta name=\"twitter:label1\" content=\"Written by\" \/>\n\t<meta name=\"twitter:data1\" content=\"fuerzastudio\" \/>\n\t<meta name=\"twitter:label2\" content=\"Est. reading time\" \/>\n\t<meta name=\"twitter:data2\" content=\"2 minutes\" \/>\n<script type=\"application\/ld+json\" class=\"yoast-schema-graph\">{\"@context\":\"https:\/\/schema.org\",\"@graph\":[{\"@type\":\"Article\",\"@id\":\"https:\/\/stage-ibratec.fuerzastudio.com\/es\/ibratec-recibe-una-calificacion-b-del-cdp\/#article\",\"isPartOf\":{\"@id\":\"https:\/\/stage-ibratec.fuerzastudio.com\/es\/ibratec-recibe-una-calificacion-b-del-cdp\/\"},\"author\":{\"name\":\"fuerzastudio\",\"@id\":\"https:\/\/stage-ibratec.fuerzastudio.com\/#\/schema\/person\/76459bccf86e244a75d1844fbe977fcf\"},\"headline\":\"\u00a1Ibratec recibe una calificaci\u00f3n B del CDP!\",\"datePublished\":\"2025-08-19T23:55:57+00:00\",\"dateModified\":\"2025-08-20T00:13:34+00:00\",\"mainEntityOfPage\":{\"@id\":\"https:\/\/stage-ibratec.fuerzastudio.com\/es\/ibratec-recibe-una-calificacion-b-del-cdp\/\"},\"wordCount\":392,\"commentCount\":0,\"publisher\":{\"@id\":\"https:\/\/stage-ibratec.fuerzastudio.com\/#organization\"},\"image\":{\"@id\":\"https:\/\/stage-ibratec.fuerzastudio.com\/es\/ibratec-recibe-una-calificacion-b-del-cdp\/#primaryimage\"},\"thumbnailUrl\":\"https:\/\/stage-ibratec.fuerzastudio.com\/wp-content\/uploads\/2025\/08\/image2.png\",\"articleSection\":[\"Noticias\"],\"inLanguage\":\"es-ES\",\"potentialAction\":[{\"@type\":\"CommentAction\",\"name\":\"Comment\",\"target\":[\"https:\/\/stage-ibratec.fuerzastudio.com\/es\/ibratec-recibe-una-calificacion-b-del-cdp\/#respond\"]}]},{\"@type\":\"WebPage\",\"@id\":\"https:\/\/stage-ibratec.fuerzastudio.com\/es\/ibratec-recibe-una-calificacion-b-del-cdp\/\",\"url\":\"https:\/\/stage-ibratec.fuerzastudio.com\/es\/ibratec-recibe-una-calificacion-b-del-cdp\/\",\"name\":\"\u00a1Ibratec recibe una calificaci\u00f3n B del CDP! - Ibratec\",\"isPartOf\":{\"@id\":\"https:\/\/stage-ibratec.fuerzastudio.com\/#website\"},\"primaryImageOfPage\":{\"@id\":\"https:\/\/stage-ibratec.fuerzastudio.com\/es\/ibratec-recibe-una-calificacion-b-del-cdp\/#primaryimage\"},\"image\":{\"@id\":\"https:\/\/stage-ibratec.fuerzastudio.com\/es\/ibratec-recibe-una-calificacion-b-del-cdp\/#primaryimage\"},\"thumbnailUrl\":\"https:\/\/stage-ibratec.fuerzastudio.com\/wp-content\/uploads\/2025\/08\/image2.png\",\"datePublished\":\"2025-08-19T23:55:57+00:00\",\"dateModified\":\"2025-08-20T00:13:34+00:00\",\"breadcrumb\":{\"@id\":\"https:\/\/stage-ibratec.fuerzastudio.com\/es\/ibratec-recibe-una-calificacion-b-del-cdp\/#breadcrumb\"},\"inLanguage\":\"es-ES\",\"potentialAction\":[{\"@type\":\"ReadAction\",\"target\":[\"https:\/\/stage-ibratec.fuerzastudio.com\/es\/ibratec-recibe-una-calificacion-b-del-cdp\/\"]}]},{\"@type\":\"ImageObject\",\"inLanguage\":\"es-ES\",\"@id\":\"https:\/\/stage-ibratec.fuerzastudio.com\/es\/ibratec-recibe-una-calificacion-b-del-cdp\/#primaryimage\",\"url\":\"https:\/\/stage-ibratec.fuerzastudio.com\/wp-content\/uploads\/2025\/08\/image2.png\",\"contentUrl\":\"https:\/\/stage-ibratec.fuerzastudio.com\/wp-content\/uploads\/2025\/08\/image2.png\",\"width\":1080,\"height\":879},{\"@type\":\"BreadcrumbList\",\"@id\":\"https:\/\/stage-ibratec.fuerzastudio.com\/es\/ibratec-recibe-una-calificacion-b-del-cdp\/#breadcrumb\",\"itemListElement\":[{\"@type\":\"ListItem\",\"position\":1,\"name\":\"Home\",\"item\":\"https:\/\/stage-ibratec.fuerzastudio.com\/es\/\"},{\"@type\":\"ListItem\",\"position\":2,\"name\":\"\u00a1Ibratec recibe una calificaci\u00f3n B del CDP!\"}]},{\"@type\":\"WebSite\",\"@id\":\"https:\/\/stage-ibratec.fuerzastudio.com\/#website\",\"url\":\"https:\/\/stage-ibratec.fuerzastudio.com\/\",\"name\":\"Ibratec\",\"description\":\"\",\"publisher\":{\"@id\":\"https:\/\/stage-ibratec.fuerzastudio.com\/#organization\"},\"potentialAction\":[{\"@type\":\"SearchAction\",\"target\":{\"@type\":\"EntryPoint\",\"urlTemplate\":\"https:\/\/stage-ibratec.fuerzastudio.com\/?s={search_term_string}\"},\"query-input\":{\"@type\":\"PropertyValueSpecification\",\"valueRequired\":true,\"valueName\":\"search_term_string\"}}],\"inLanguage\":\"es-ES\"},{\"@type\":\"Organization\",\"@id\":\"https:\/\/stage-ibratec.fuerzastudio.com\/#organization\",\"name\":\"Ibratec\",\"url\":\"https:\/\/stage-ibratec.fuerzastudio.com\/\",\"logo\":{\"@type\":\"ImageObject\",\"inLanguage\":\"es-ES\",\"@id\":\"https:\/\/stage-ibratec.fuerzastudio.com\/#\/schema\/logo\/image\/\",\"url\":\"https:\/\/stage-ibratec.fuerzastudio.com\/wp-content\/uploads\/2025\/06\/logo.svg\",\"contentUrl\":\"https:\/\/stage-ibratec.fuerzastudio.com\/wp-content\/uploads\/2025\/06\/logo.svg\",\"caption\":\"Ibratec\"},\"image\":{\"@id\":\"https:\/\/stage-ibratec.fuerzastudio.com\/#\/schema\/logo\/image\/\"}},{\"@type\":\"Person\",\"@id\":\"https:\/\/stage-ibratec.fuerzastudio.com\/#\/schema\/person\/76459bccf86e244a75d1844fbe977fcf\",\"name\":\"fuerzastudio\",\"image\":{\"@type\":\"ImageObject\",\"inLanguage\":\"es-ES\",\"@id\":\"https:\/\/stage-ibratec.fuerzastudio.com\/#\/schema\/person\/image\/\",\"url\":\"https:\/\/secure.gravatar.com\/avatar\/2a2e76927136ffe8077b9dded5c01de07abd892985b354856c788fc85cf5b8f2?s=96&d=mm&r=g\",\"contentUrl\":\"https:\/\/secure.gravatar.com\/avatar\/2a2e76927136ffe8077b9dded5c01de07abd892985b354856c788fc85cf5b8f2?s=96&d=mm&r=g\",\"caption\":\"fuerzastudio\"},\"description\":\"Jornalista, mestre em comunica\u00e7\u00e3o e assessor da Ibratec\",\"sameAs\":[\"https:\/\/stage-ibratec.fuerzastudio.com\"],\"url\":\"https:\/\/stage-ibratec.fuerzastudio.com\/es\/author\/fuerzastudio\/\"}]}<\/script>\n<!-- \/ Yoast SEO plugin. -->","yoast_head_json":{"title":"\u00a1Ibratec recibe una calificaci\u00f3n B del CDP! - Ibratec","robots":{"index":"index","follow":"follow","max-snippet":"max-snippet:-1","max-image-preview":"max-image-preview:large","max-video-preview":"max-video-preview:-1"},"canonical":"https:\/\/stage-ibratec.fuerzastudio.com\/es\/ibratec-recibe-una-calificacion-b-del-cdp\/","og_locale":"es_ES","og_type":"article","og_title":"\u00a1Ibratec recibe una calificaci\u00f3n B del CDP! - Ibratec","og_description":"Ibratec se enorgullece de compartir otro logro importante en su trayectoria sustentable: recibimos una calificaci\u00f3n B del CDP (Carbon Disclosure Project), una organizaci\u00f3n internacional que eval\u00faa a las empresas en relaci\u00f3n con la gesti\u00f3n del cambio clim\u00e1tico, las estrategias ambientales y la transparencia en las emisiones de gases de efecto invernadero (GEI). \u00bfQu\u00e9 significa la [&hellip;]","og_url":"https:\/\/stage-ibratec.fuerzastudio.com\/es\/ibratec-recibe-una-calificacion-b-del-cdp\/","og_site_name":"Ibratec","article_published_time":"2025-08-19T23:55:57+00:00","article_modified_time":"2025-08-20T00:13:34+00:00","og_image":[{"width":1080,"height":879,"url":"https:\/\/stage-ibratec.fuerzastudio.com\/wp-content\/uploads\/2025\/08\/image2.png","type":"image\/png"}],"author":"fuerzastudio","twitter_card":"summary_large_image","twitter_misc":{"Written by":"fuerzastudio","Est. reading time":"2 minutes"},"schema":{"@context":"https:\/\/schema.org","@graph":[{"@type":"Article","@id":"https:\/\/stage-ibratec.fuerzastudio.com\/es\/ibratec-recibe-una-calificacion-b-del-cdp\/#article","isPartOf":{"@id":"https:\/\/stage-ibratec.fuerzastudio.com\/es\/ibratec-recibe-una-calificacion-b-del-cdp\/"},"author":{"name":"fuerzastudio","@id":"https:\/\/stage-ibratec.fuerzastudio.com\/#\/schema\/person\/76459bccf86e244a75d1844fbe977fcf"},"headline":"\u00a1Ibratec recibe una calificaci\u00f3n B del CDP!","datePublished":"2025-08-19T23:55:57+00:00","dateModified":"2025-08-20T00:13:34+00:00","mainEntityOfPage":{"@id":"https:\/\/stage-ibratec.fuerzastudio.com\/es\/ibratec-recibe-una-calificacion-b-del-cdp\/"},"wordCount":392,"commentCount":0,"publisher":{"@id":"https:\/\/stage-ibratec.fuerzastudio.com\/#organization"},"image":{"@id":"https:\/\/stage-ibratec.fuerzastudio.com\/es\/ibratec-recibe-una-calificacion-b-del-cdp\/#primaryimage"},"thumbnailUrl":"https:\/\/stage-ibratec.fuerzastudio.com\/wp-content\/uploads\/2025\/08\/image2.png","articleSection":["Noticias"],"inLanguage":"es-ES","potentialAction":[{"@type":"CommentAction","name":"Comment","target":["https:\/\/stage-ibratec.fuerzastudio.com\/es\/ibratec-recibe-una-calificacion-b-del-cdp\/#respond"]}]},{"@type":"WebPage","@id":"https:\/\/stage-ibratec.fuerzastudio.com\/es\/ibratec-recibe-una-calificacion-b-del-cdp\/","url":"https:\/\/stage-ibratec.fuerzastudio.com\/es\/ibratec-recibe-una-calificacion-b-del-cdp\/","name":"\u00a1Ibratec recibe una calificaci\u00f3n B del CDP! - Ibratec","isPartOf":{"@id":"https:\/\/stage-ibratec.fuerzastudio.com\/#website"},"primaryImageOfPage":{"@id":"https:\/\/stage-ibratec.fuerzastudio.com\/es\/ibratec-recibe-una-calificacion-b-del-cdp\/#primaryimage"},"image":{"@id":"https:\/\/stage-ibratec.fuerzastudio.com\/es\/ibratec-recibe-una-calificacion-b-del-cdp\/#primaryimage"},"thumbnailUrl":"https:\/\/stage-ibratec.fuerzastudio.com\/wp-content\/uploads\/2025\/08\/image2.png","datePublished":"2025-08-19T23:55:57+00:00","dateModified":"2025-08-20T00:13:34+00:00","breadcrumb":{"@id":"https:\/\/stage-ibratec.fuerzastudio.com\/es\/ibratec-recibe-una-calificacion-b-del-cdp\/#breadcrumb"},"inLanguage":"es-ES","potentialAction":[{"@type":"ReadAction","target":["https:\/\/stage-ibratec.fuerzastudio.com\/es\/ibratec-recibe-una-calificacion-b-del-cdp\/"]}]},{"@type":"ImageObject","inLanguage":"es-ES","@id":"https:\/\/stage-ibratec.fuerzastudio.com\/es\/ibratec-recibe-una-calificacion-b-del-cdp\/#primaryimage","url":"https:\/\/stage-ibratec.fuerzastudio.com\/wp-content\/uploads\/2025\/08\/image2.png","contentUrl":"https:\/\/stage-ibratec.fuerzastudio.com\/wp-content\/uploads\/2025\/08\/image2.png","width":1080,"height":879},{"@type":"BreadcrumbList","@id":"https:\/\/stage-ibratec.fuerzastudio.com\/es\/ibratec-recibe-una-calificacion-b-del-cdp\/#breadcrumb","itemListElement":[{"@type":"ListItem","position":1,"name":"Home","item":"https:\/\/stage-ibratec.fuerzastudio.com\/es\/"},{"@type":"ListItem","position":2,"name":"\u00a1Ibratec recibe una calificaci\u00f3n B del CDP!"}]},{"@type":"WebSite","@id":"https:\/\/stage-ibratec.fuerzastudio.com\/#website","url":"https:\/\/stage-ibratec.fuerzastudio.com\/","name":"Ibratec","description":"","publisher":{"@id":"https:\/\/stage-ibratec.fuerzastudio.com\/#organization"},"potentialAction":[{"@type":"SearchAction","target":{"@type":"EntryPoint","urlTemplate":"https:\/\/stage-ibratec.fuerzastudio.com\/?s={search_term_string}"},"query-input":{"@type":"PropertyValueSpecification","valueRequired":true,"valueName":"search_term_string"}}],"inLanguage":"es-ES"},{"@type":"Organization","@id":"https:\/\/stage-ibratec.fuerzastudio.com\/#organization","name":"Ibratec","url":"https:\/\/stage-ibratec.fuerzastudio.com\/","logo":{"@type":"ImageObject","inLanguage":"es-ES","@id":"https:\/\/stage-ibratec.fuerzastudio.com\/#\/schema\/logo\/image\/","url":"https:\/\/stage-ibratec.fuerzastudio.com\/wp-content\/uploads\/2025\/06\/logo.svg","contentUrl":"https:\/\/stage-ibratec.fuerzastudio.com\/wp-content\/uploads\/2025\/06\/logo.svg","caption":"Ibratec"},"image":{"@id":"https:\/\/stage-ibratec.fuerzastudio.com\/#\/schema\/logo\/image\/"}},{"@type":"Person","@id":"https:\/\/stage-ibratec.fuerzastudio.com\/#\/schema\/person\/76459bccf86e244a75d1844fbe977fcf","name":"fuerzastudio","image":{"@type":"ImageObject","inLanguage":"es-ES","@id":"https:\/\/stage-ibratec.fuerzastudio.com\/#\/schema\/person\/image\/","url":"https:\/\/secure.gravatar.com\/avatar\/2a2e76927136ffe8077b9dded5c01de07abd892985b354856c788fc85cf5b8f2?s=96&d=mm&r=g","contentUrl":"https:\/\/secure.gravatar.com\/avatar\/2a2e76927136ffe8077b9dded5c01de07abd892985b354856c788fc85cf5b8f2?s=96&d=mm&r=g","caption":"fuerzastudio"},"description":"Jornalista, mestre em comunica\u00e7\u00e3o e assessor da Ibratec","sameAs":["https:\/\/stage-ibratec.fuerzastudio.com"],"url":"https:\/\/stage-ibratec.fuerzastudio.com\/es\/author\/fuerzastudio\/"}]}},"_links":{"self":[{"href":"https:\/\/stage-ibratec.fuerzastudio.com\/es\/wp-json\/wp\/v2\/posts\/6638","targetHints":{"allow":["GET"]}}],"collection":[{"href":"https:\/\/stage-ibratec.fuerzastudio.com\/es\/wp-json\/wp\/v2\/posts"}],"about":[{"href":"https:\/\/stage-ibratec.fuerzastudio.com\/es\/wp-json\/wp\/v2\/types\/post"}],"author":[{"embeddable":true,"href":"https:\/\/stage-ibratec.fuerzastudio.com\/es\/wp-json\/wp\/v2\/users\/1"}],"replies":[{"embeddable":true,"href":"https:\/\/stage-ibratec.fuerzastudio.com\/es\/wp-json\/wp\/v2\/comments?post=6638"}],"version-history":[{"count":1,"href":"https:\/\/stage-ibratec.fuerzastudio.com\/es\/wp-json\/wp\/v2\/posts\/6638\/revisions"}],"predecessor-version":[{"id":6639,"href":"https:\/\/stage-ibratec.fuerzastudio.com\/es\/wp-json\/wp\/v2\/posts\/6638\/revisions\/6639"}],"wp:featuredmedia":[{"embeddable":true,"href":"https:\/\/stage-ibratec.fuerzastudio.com\/es\/wp-json\/wp\/v2\/media\/6603"}],"wp:attachment":[{"href":"https:\/\/stage-ibratec.fuerzastudio.com\/es\/wp-json\/wp\/v2\/media?parent=6638"}],"wp:term":[{"taxonomy":"category","embeddable":true,"href":"https:\/\/stage-ibratec.fuerzastudio.com\/es\/wp-json\/wp\/v2\/categories?post=6638"},{"taxonomy":"post_tag","embeddable":true,"href":"https:\/\/stage-ibratec.fuerzastudio.com\/es\/wp-json\/wp\/v2\/tags?post=6638"}],"curies":[{"name":"wp","href":"https:\/\/api.w.org\/{rel}","templated":true}]}}