{"id":6656,"date":"2025-08-20T03:01:33","date_gmt":"2025-08-20T00:01:33","guid":{"rendered":"https:\/\/stage-ibratec.fuerzastudio.com\/sostenibilidad-y-economia-circular-la-apuesta-de-ibratec-por-la-produccion-de-envases-de-carton\/"},"modified":"2025-08-20T03:14:01","modified_gmt":"2025-08-20T00:14:01","slug":"sostenibilidad-y-economia-circular-la-apuesta-de-ibratec-por-la-produccion-de-envases-de-carton","status":"publish","type":"post","link":"https:\/\/stage-ibratec.fuerzastudio.com\/es\/sostenibilidad-y-economia-circular-la-apuesta-de-ibratec-por-la-produccion-de-envases-de-carton\/","title":{"rendered":"Sostenibilidad y Econom\u00eda Circular: la apuesta de Ibratec por la producci\u00f3n de envases de cart\u00f3n"},"content":{"rendered":"\n<p>En Ibratec, creemos que la sostenibilidad va m\u00e1s all\u00e1 de una pr\u00e1ctica ambiental; es parte integral de nuestra misi\u00f3n de ofrecer soluciones de embalaje que respeten el medio ambiente y satisfagan las necesidades de nuestros clientes. <\/p>\n\n<h2 class=\"wp-block-heading\"><strong>\u00bfQu\u00e9 es la Econom\u00eda Circular?<\/strong><\/h2>\n\n<p>La econom\u00eda circular es un modelo de producci\u00f3n y consumo que busca alargar la vida \u00fatil de los productos, reduciendo los residuos y promoviendo la reutilizaci\u00f3n de materiales. En lugar de seguir el modelo lineal tradicional \u2014\u201cextraer, producir, descartar\u201d\u2014 la econom\u00eda circular propone un ciclo continuo de uso y reciclaje, minimizando el impacto ambiental.<\/p>\n\n<h2 class=\"wp-block-heading\"><strong>Ibratec y la econom\u00eda circular<\/strong><\/h2>\n\n<p>En Ibratec implementamos pr\u00e1cticas que reflejan nuestro compromiso con la econom\u00eda circular:<\/p>\n\n<ul class=\"wp-block-list\">\n<li><strong>Reciclaje de Residuos de Cart\u00f3n<\/strong>: Reciclamos 700 toneladas de residuos de cart\u00f3n al a\u00f1o, contribuyendo a la reducci\u00f3n del consumo de recursos naturales y reduciendo la cantidad de residuos generados.<br\/><\/li>\n\n\n\n<li><strong>Uso de Materias Primas Renovables: <\/strong>Nuestros embalajes se producen con cart\u00f3n procedente de fuentes responsables, garantizando la sostenibilidad desde el principio.<br\/><\/li>\n<\/ul>\n\n<p><strong>Neutralizaci\u00f3n de emisiones de Gases de Efecto Invernadero (GEI):<\/strong> Desde 2020, nuestra producci\u00f3n es carbono neutral, aline\u00e1ndonos con los objetivos globales de reducci\u00f3n de emisiones y combate al cambio clim\u00e1tico.<\/p>\n\n<h2 class=\"wp-block-heading\"><strong>Beneficios para nuestros clientes<\/strong><\/h2>\n\n<p>Al elegir a Ibratec como socio, nuestros clientes se benefician de:<\/p>\n\n<ul class=\"wp-block-list\">\n<li><strong>Soluciones Sostenibles<\/strong>: Embalajes que satisfacen la creciente demanda de productos ambientalmente responsables.<br\/><\/li>\n\n\n\n<li><strong>Innovaci\u00f3n Continua:<\/strong> Desarrollo de nuevos productos que incorporen pr\u00e1cticas sustentables y satisfagan las necesidades del mercado.<br\/><\/li>\n\n\n\n<li><strong>Compromiso Ambiental:<\/strong> Garantiza que tus productos est\u00e9n alineados con las mejores pr\u00e1cticas ambientales, fortaleciendo tu imagen de marca.<br\/><\/li>\n<\/ul>\n\n<p>En Ibratec, entendemos que la sostenibilidad es esencial para el futuro de la industria del embalaje. Al implementar pr\u00e1cticas de econom\u00eda circular, buscamos no s\u00f3lo reducir nuestro impacto ambiental sino tambi\u00e9n ofrecer a nuestros clientes soluciones que contribuyan a un mundo m\u00e1s sostenible.<\/p>\n","protected":false},"excerpt":{"rendered":"<p>En Ibratec, creemos que la sostenibilidad va m\u00e1s all\u00e1 de una pr\u00e1ctica ambiental; es parte integral de nuestra misi\u00f3n de ofrecer soluciones de embalaje que respeten el medio ambiente y satisfagan las necesidades de nuestros clientes. \u00bfQu\u00e9 es la Econom\u00eda Circular? La econom\u00eda circular es un modelo de producci\u00f3n y consumo que busca alargar la [&hellip;]<\/p>\n","protected":false},"author":1,"featured_media":6620,"comment_status":"open","ping_status":"open","sticky":false,"template":"","format":"standard","meta":{"_acf_changed":false,"footnotes":""},"categories":[39],"tags":[],"class_list":["post-6656","post","type-post","status-publish","format-standard","has-post-thumbnail","hentry","category-sostenibilidad"],"acf":[],"yoast_head":"<!-- This site is optimized with the Yoast SEO plugin v25.4 - https:\/\/yoast.com\/wordpress\/plugins\/seo\/ -->\n<title>Sostenibilidad y Econom\u00eda Circular: la apuesta de Ibratec por la producci\u00f3n de envases de cart\u00f3n - Ibratec<\/title>\n<meta name=\"robots\" content=\"index, follow, max-snippet:-1, max-image-preview:large, max-video-preview:-1\" \/>\n<link rel=\"canonical\" href=\"https:\/\/stage-ibratec.fuerzastudio.com\/es\/sostenibilidad-y-economia-circular-la-apuesta-de-ibratec-por-la-produccion-de-envases-de-carton\/\" \/>\n<meta property=\"og:locale\" content=\"es_ES\" \/>\n<meta property=\"og:type\" content=\"article\" \/>\n<meta property=\"og:title\" content=\"Sostenibilidad y Econom\u00eda Circular: la apuesta de Ibratec por la producci\u00f3n de envases de cart\u00f3n - Ibratec\" \/>\n<meta property=\"og:description\" content=\"En Ibratec, creemos que la sostenibilidad va m\u00e1s all\u00e1 de una pr\u00e1ctica ambiental; es parte integral de nuestra misi\u00f3n de ofrecer soluciones de embalaje que respeten el medio ambiente y satisfagan las necesidades de nuestros clientes. \u00bfQu\u00e9 es la Econom\u00eda Circular? La econom\u00eda circular es un modelo de producci\u00f3n y consumo que busca alargar la [&hellip;]\" \/>\n<meta property=\"og:url\" content=\"https:\/\/stage-ibratec.fuerzastudio.com\/es\/sostenibilidad-y-economia-circular-la-apuesta-de-ibratec-por-la-produccion-de-envases-de-carton\/\" \/>\n<meta property=\"og:site_name\" content=\"Ibratec\" \/>\n<meta property=\"article:published_time\" content=\"2025-08-20T00:01:33+00:00\" \/>\n<meta property=\"article:modified_time\" content=\"2025-08-20T00:14:01+00:00\" \/>\n<meta property=\"og:image\" content=\"https:\/\/stage-ibratec.fuerzastudio.com\/wp-content\/uploads\/2025\/08\/image5.jpg\" \/>\n\t<meta property=\"og:image:width\" content=\"1999\" \/>\n\t<meta property=\"og:image:height\" content=\"1335\" \/>\n\t<meta property=\"og:image:type\" content=\"image\/jpeg\" \/>\n<meta name=\"author\" content=\"fuerzastudio\" \/>\n<meta name=\"twitter:card\" content=\"summary_large_image\" \/>\n<meta name=\"twitter:label1\" content=\"Written by\" \/>\n\t<meta name=\"twitter:data1\" content=\"fuerzastudio\" \/>\n\t<meta name=\"twitter:label2\" content=\"Est. reading time\" \/>\n\t<meta name=\"twitter:data2\" content=\"2 minutes\" \/>\n<script type=\"application\/ld+json\" class=\"yoast-schema-graph\">{\"@context\":\"https:\/\/schema.org\",\"@graph\":[{\"@type\":\"Article\",\"@id\":\"https:\/\/stage-ibratec.fuerzastudio.com\/es\/sostenibilidad-y-economia-circular-la-apuesta-de-ibratec-por-la-produccion-de-envases-de-carton\/#article\",\"isPartOf\":{\"@id\":\"https:\/\/stage-ibratec.fuerzastudio.com\/es\/sostenibilidad-y-economia-circular-la-apuesta-de-ibratec-por-la-produccion-de-envases-de-carton\/\"},\"author\":{\"name\":\"fuerzastudio\",\"@id\":\"https:\/\/stage-ibratec.fuerzastudio.com\/#\/schema\/person\/76459bccf86e244a75d1844fbe977fcf\"},\"headline\":\"Sostenibilidad y Econom\u00eda Circular: la apuesta de Ibratec por la producci\u00f3n de envases de cart\u00f3n\",\"datePublished\":\"2025-08-20T00:01:33+00:00\",\"dateModified\":\"2025-08-20T00:14:01+00:00\",\"mainEntityOfPage\":{\"@id\":\"https:\/\/stage-ibratec.fuerzastudio.com\/es\/sostenibilidad-y-economia-circular-la-apuesta-de-ibratec-por-la-produccion-de-envases-de-carton\/\"},\"wordCount\":343,\"commentCount\":0,\"publisher\":{\"@id\":\"https:\/\/stage-ibratec.fuerzastudio.com\/#organization\"},\"image\":{\"@id\":\"https:\/\/stage-ibratec.fuerzastudio.com\/es\/sostenibilidad-y-economia-circular-la-apuesta-de-ibratec-por-la-produccion-de-envases-de-carton\/#primaryimage\"},\"thumbnailUrl\":\"https:\/\/stage-ibratec.fuerzastudio.com\/wp-content\/uploads\/2025\/08\/image5.jpg\",\"articleSection\":[\"Sostenibilidad\"],\"inLanguage\":\"es-ES\",\"potentialAction\":[{\"@type\":\"CommentAction\",\"name\":\"Comment\",\"target\":[\"https:\/\/stage-ibratec.fuerzastudio.com\/es\/sostenibilidad-y-economia-circular-la-apuesta-de-ibratec-por-la-produccion-de-envases-de-carton\/#respond\"]}]},{\"@type\":\"WebPage\",\"@id\":\"https:\/\/stage-ibratec.fuerzastudio.com\/es\/sostenibilidad-y-economia-circular-la-apuesta-de-ibratec-por-la-produccion-de-envases-de-carton\/\",\"url\":\"https:\/\/stage-ibratec.fuerzastudio.com\/es\/sostenibilidad-y-economia-circular-la-apuesta-de-ibratec-por-la-produccion-de-envases-de-carton\/\",\"name\":\"Sostenibilidad y Econom\u00eda Circular: la apuesta de Ibratec por la producci\u00f3n de envases de cart\u00f3n - Ibratec\",\"isPartOf\":{\"@id\":\"https:\/\/stage-ibratec.fuerzastudio.com\/#website\"},\"primaryImageOfPage\":{\"@id\":\"https:\/\/stage-ibratec.fuerzastudio.com\/es\/sostenibilidad-y-economia-circular-la-apuesta-de-ibratec-por-la-produccion-de-envases-de-carton\/#primaryimage\"},\"image\":{\"@id\":\"https:\/\/stage-ibratec.fuerzastudio.com\/es\/sostenibilidad-y-economia-circular-la-apuesta-de-ibratec-por-la-produccion-de-envases-de-carton\/#primaryimage\"},\"thumbnailUrl\":\"https:\/\/stage-ibratec.fuerzastudio.com\/wp-content\/uploads\/2025\/08\/image5.jpg\",\"datePublished\":\"2025-08-20T00:01:33+00:00\",\"dateModified\":\"2025-08-20T00:14:01+00:00\",\"breadcrumb\":{\"@id\":\"https:\/\/stage-ibratec.fuerzastudio.com\/es\/sostenibilidad-y-economia-circular-la-apuesta-de-ibratec-por-la-produccion-de-envases-de-carton\/#breadcrumb\"},\"inLanguage\":\"es-ES\",\"potentialAction\":[{\"@type\":\"ReadAction\",\"target\":[\"https:\/\/stage-ibratec.fuerzastudio.com\/es\/sostenibilidad-y-economia-circular-la-apuesta-de-ibratec-por-la-produccion-de-envases-de-carton\/\"]}]},{\"@type\":\"ImageObject\",\"inLanguage\":\"es-ES\",\"@id\":\"https:\/\/stage-ibratec.fuerzastudio.com\/es\/sostenibilidad-y-economia-circular-la-apuesta-de-ibratec-por-la-produccion-de-envases-de-carton\/#primaryimage\",\"url\":\"https:\/\/stage-ibratec.fuerzastudio.com\/wp-content\/uploads\/2025\/08\/image5.jpg\",\"contentUrl\":\"https:\/\/stage-ibratec.fuerzastudio.com\/wp-content\/uploads\/2025\/08\/image5.jpg\",\"width\":1999,\"height\":1335},{\"@type\":\"BreadcrumbList\",\"@id\":\"https:\/\/stage-ibratec.fuerzastudio.com\/es\/sostenibilidad-y-economia-circular-la-apuesta-de-ibratec-por-la-produccion-de-envases-de-carton\/#breadcrumb\",\"itemListElement\":[{\"@type\":\"ListItem\",\"position\":1,\"name\":\"Home\",\"item\":\"https:\/\/stage-ibratec.fuerzastudio.com\/es\/\"},{\"@type\":\"ListItem\",\"position\":2,\"name\":\"Sostenibilidad y Econom\u00eda Circular: la apuesta de Ibratec por la producci\u00f3n de envases de cart\u00f3n\"}]},{\"@type\":\"WebSite\",\"@id\":\"https:\/\/stage-ibratec.fuerzastudio.com\/#website\",\"url\":\"https:\/\/stage-ibratec.fuerzastudio.com\/\",\"name\":\"Ibratec\",\"description\":\"\",\"publisher\":{\"@id\":\"https:\/\/stage-ibratec.fuerzastudio.com\/#organization\"},\"potentialAction\":[{\"@type\":\"SearchAction\",\"target\":{\"@type\":\"EntryPoint\",\"urlTemplate\":\"https:\/\/stage-ibratec.fuerzastudio.com\/?s={search_term_string}\"},\"query-input\":{\"@type\":\"PropertyValueSpecification\",\"valueRequired\":true,\"valueName\":\"search_term_string\"}}],\"inLanguage\":\"es-ES\"},{\"@type\":\"Organization\",\"@id\":\"https:\/\/stage-ibratec.fuerzastudio.com\/#organization\",\"name\":\"Ibratec\",\"url\":\"https:\/\/stage-ibratec.fuerzastudio.com\/\",\"logo\":{\"@type\":\"ImageObject\",\"inLanguage\":\"es-ES\",\"@id\":\"https:\/\/stage-ibratec.fuerzastudio.com\/#\/schema\/logo\/image\/\",\"url\":\"https:\/\/stage-ibratec.fuerzastudio.com\/wp-content\/uploads\/2025\/06\/logo.svg\",\"contentUrl\":\"https:\/\/stage-ibratec.fuerzastudio.com\/wp-content\/uploads\/2025\/06\/logo.svg\",\"caption\":\"Ibratec\"},\"image\":{\"@id\":\"https:\/\/stage-ibratec.fuerzastudio.com\/#\/schema\/logo\/image\/\"}},{\"@type\":\"Person\",\"@id\":\"https:\/\/stage-ibratec.fuerzastudio.com\/#\/schema\/person\/76459bccf86e244a75d1844fbe977fcf\",\"name\":\"fuerzastudio\",\"image\":{\"@type\":\"ImageObject\",\"inLanguage\":\"es-ES\",\"@id\":\"https:\/\/stage-ibratec.fuerzastudio.com\/#\/schema\/person\/image\/\",\"url\":\"https:\/\/secure.gravatar.com\/avatar\/2a2e76927136ffe8077b9dded5c01de07abd892985b354856c788fc85cf5b8f2?s=96&d=mm&r=g\",\"contentUrl\":\"https:\/\/secure.gravatar.com\/avatar\/2a2e76927136ffe8077b9dded5c01de07abd892985b354856c788fc85cf5b8f2?s=96&d=mm&r=g\",\"caption\":\"fuerzastudio\"},\"description\":\"Jornalista, mestre em comunica\u00e7\u00e3o e assessor da Ibratec\",\"sameAs\":[\"https:\/\/stage-ibratec.fuerzastudio.com\"],\"url\":\"https:\/\/stage-ibratec.fuerzastudio.com\/es\/author\/fuerzastudio\/\"}]}<\/script>\n<!-- \/ Yoast SEO plugin. -->","yoast_head_json":{"title":"Sostenibilidad y Econom\u00eda Circular: la apuesta de Ibratec por la producci\u00f3n de envases de cart\u00f3n - Ibratec","robots":{"index":"index","follow":"follow","max-snippet":"max-snippet:-1","max-image-preview":"max-image-preview:large","max-video-preview":"max-video-preview:-1"},"canonical":"https:\/\/stage-ibratec.fuerzastudio.com\/es\/sostenibilidad-y-economia-circular-la-apuesta-de-ibratec-por-la-produccion-de-envases-de-carton\/","og_locale":"es_ES","og_type":"article","og_title":"Sostenibilidad y Econom\u00eda Circular: la apuesta de Ibratec por la producci\u00f3n de envases de cart\u00f3n - Ibratec","og_description":"En Ibratec, creemos que la sostenibilidad va m\u00e1s all\u00e1 de una pr\u00e1ctica ambiental; es parte integral de nuestra misi\u00f3n de ofrecer soluciones de embalaje que respeten el medio ambiente y satisfagan las necesidades de nuestros clientes. \u00bfQu\u00e9 es la Econom\u00eda Circular? La econom\u00eda circular es un modelo de producci\u00f3n y consumo que busca alargar la [&hellip;]","og_url":"https:\/\/stage-ibratec.fuerzastudio.com\/es\/sostenibilidad-y-economia-circular-la-apuesta-de-ibratec-por-la-produccion-de-envases-de-carton\/","og_site_name":"Ibratec","article_published_time":"2025-08-20T00:01:33+00:00","article_modified_time":"2025-08-20T00:14:01+00:00","og_image":[{"width":1999,"height":1335,"url":"https:\/\/stage-ibratec.fuerzastudio.com\/wp-content\/uploads\/2025\/08\/image5.jpg","type":"image\/jpeg"}],"author":"fuerzastudio","twitter_card":"summary_large_image","twitter_misc":{"Written by":"fuerzastudio","Est. reading time":"2 minutes"},"schema":{"@context":"https:\/\/schema.org","@graph":[{"@type":"Article","@id":"https:\/\/stage-ibratec.fuerzastudio.com\/es\/sostenibilidad-y-economia-circular-la-apuesta-de-ibratec-por-la-produccion-de-envases-de-carton\/#article","isPartOf":{"@id":"https:\/\/stage-ibratec.fuerzastudio.com\/es\/sostenibilidad-y-economia-circular-la-apuesta-de-ibratec-por-la-produccion-de-envases-de-carton\/"},"author":{"name":"fuerzastudio","@id":"https:\/\/stage-ibratec.fuerzastudio.com\/#\/schema\/person\/76459bccf86e244a75d1844fbe977fcf"},"headline":"Sostenibilidad y Econom\u00eda Circular: la apuesta de Ibratec por la producci\u00f3n de envases de cart\u00f3n","datePublished":"2025-08-20T00:01:33+00:00","dateModified":"2025-08-20T00:14:01+00:00","mainEntityOfPage":{"@id":"https:\/\/stage-ibratec.fuerzastudio.com\/es\/sostenibilidad-y-economia-circular-la-apuesta-de-ibratec-por-la-produccion-de-envases-de-carton\/"},"wordCount":343,"commentCount":0,"publisher":{"@id":"https:\/\/stage-ibratec.fuerzastudio.com\/#organization"},"image":{"@id":"https:\/\/stage-ibratec.fuerzastudio.com\/es\/sostenibilidad-y-economia-circular-la-apuesta-de-ibratec-por-la-produccion-de-envases-de-carton\/#primaryimage"},"thumbnailUrl":"https:\/\/stage-ibratec.fuerzastudio.com\/wp-content\/uploads\/2025\/08\/image5.jpg","articleSection":["Sostenibilidad"],"inLanguage":"es-ES","potentialAction":[{"@type":"CommentAction","name":"Comment","target":["https:\/\/stage-ibratec.fuerzastudio.com\/es\/sostenibilidad-y-economia-circular-la-apuesta-de-ibratec-por-la-produccion-de-envases-de-carton\/#respond"]}]},{"@type":"WebPage","@id":"https:\/\/stage-ibratec.fuerzastudio.com\/es\/sostenibilidad-y-economia-circular-la-apuesta-de-ibratec-por-la-produccion-de-envases-de-carton\/","url":"https:\/\/stage-ibratec.fuerzastudio.com\/es\/sostenibilidad-y-economia-circular-la-apuesta-de-ibratec-por-la-produccion-de-envases-de-carton\/","name":"Sostenibilidad y Econom\u00eda Circular: la apuesta de Ibratec por la producci\u00f3n de envases de cart\u00f3n - Ibratec","isPartOf":{"@id":"https:\/\/stage-ibratec.fuerzastudio.com\/#website"},"primaryImageOfPage":{"@id":"https:\/\/stage-ibratec.fuerzastudio.com\/es\/sostenibilidad-y-economia-circular-la-apuesta-de-ibratec-por-la-produccion-de-envases-de-carton\/#primaryimage"},"image":{"@id":"https:\/\/stage-ibratec.fuerzastudio.com\/es\/sostenibilidad-y-economia-circular-la-apuesta-de-ibratec-por-la-produccion-de-envases-de-carton\/#primaryimage"},"thumbnailUrl":"https:\/\/stage-ibratec.fuerzastudio.com\/wp-content\/uploads\/2025\/08\/image5.jpg","datePublished":"2025-08-20T00:01:33+00:00","dateModified":"2025-08-20T00:14:01+00:00","breadcrumb":{"@id":"https:\/\/stage-ibratec.fuerzastudio.com\/es\/sostenibilidad-y-economia-circular-la-apuesta-de-ibratec-por-la-produccion-de-envases-de-carton\/#breadcrumb"},"inLanguage":"es-ES","potentialAction":[{"@type":"ReadAction","target":["https:\/\/stage-ibratec.fuerzastudio.com\/es\/sostenibilidad-y-economia-circular-la-apuesta-de-ibratec-por-la-produccion-de-envases-de-carton\/"]}]},{"@type":"ImageObject","inLanguage":"es-ES","@id":"https:\/\/stage-ibratec.fuerzastudio.com\/es\/sostenibilidad-y-economia-circular-la-apuesta-de-ibratec-por-la-produccion-de-envases-de-carton\/#primaryimage","url":"https:\/\/stage-ibratec.fuerzastudio.com\/wp-content\/uploads\/2025\/08\/image5.jpg","contentUrl":"https:\/\/stage-ibratec.fuerzastudio.com\/wp-content\/uploads\/2025\/08\/image5.jpg","width":1999,"height":1335},{"@type":"BreadcrumbList","@id":"https:\/\/stage-ibratec.fuerzastudio.com\/es\/sostenibilidad-y-economia-circular-la-apuesta-de-ibratec-por-la-produccion-de-envases-de-carton\/#breadcrumb","itemListElement":[{"@type":"ListItem","position":1,"name":"Home","item":"https:\/\/stage-ibratec.fuerzastudio.com\/es\/"},{"@type":"ListItem","position":2,"name":"Sostenibilidad y Econom\u00eda Circular: la apuesta de Ibratec por la producci\u00f3n de envases de cart\u00f3n"}]},{"@type":"WebSite","@id":"https:\/\/stage-ibratec.fuerzastudio.com\/#website","url":"https:\/\/stage-ibratec.fuerzastudio.com\/","name":"Ibratec","description":"","publisher":{"@id":"https:\/\/stage-ibratec.fuerzastudio.com\/#organization"},"potentialAction":[{"@type":"SearchAction","target":{"@type":"EntryPoint","urlTemplate":"https:\/\/stage-ibratec.fuerzastudio.com\/?s={search_term_string}"},"query-input":{"@type":"PropertyValueSpecification","valueRequired":true,"valueName":"search_term_string"}}],"inLanguage":"es-ES"},{"@type":"Organization","@id":"https:\/\/stage-ibratec.fuerzastudio.com\/#organization","name":"Ibratec","url":"https:\/\/stage-ibratec.fuerzastudio.com\/","logo":{"@type":"ImageObject","inLanguage":"es-ES","@id":"https:\/\/stage-ibratec.fuerzastudio.com\/#\/schema\/logo\/image\/","url":"https:\/\/stage-ibratec.fuerzastudio.com\/wp-content\/uploads\/2025\/06\/logo.svg","contentUrl":"https:\/\/stage-ibratec.fuerzastudio.com\/wp-content\/uploads\/2025\/06\/logo.svg","caption":"Ibratec"},"image":{"@id":"https:\/\/stage-ibratec.fuerzastudio.com\/#\/schema\/logo\/image\/"}},{"@type":"Person","@id":"https:\/\/stage-ibratec.fuerzastudio.com\/#\/schema\/person\/76459bccf86e244a75d1844fbe977fcf","name":"fuerzastudio","image":{"@type":"ImageObject","inLanguage":"es-ES","@id":"https:\/\/stage-ibratec.fuerzastudio.com\/#\/schema\/person\/image\/","url":"https:\/\/secure.gravatar.com\/avatar\/2a2e76927136ffe8077b9dded5c01de07abd892985b354856c788fc85cf5b8f2?s=96&d=mm&r=g","contentUrl":"https:\/\/secure.gravatar.com\/avatar\/2a2e76927136ffe8077b9dded5c01de07abd892985b354856c788fc85cf5b8f2?s=96&d=mm&r=g","caption":"fuerzastudio"},"description":"Jornalista, mestre em comunica\u00e7\u00e3o e assessor da Ibratec","sameAs":["https:\/\/stage-ibratec.fuerzastudio.com"],"url":"https:\/\/stage-ibratec.fuerzastudio.com\/es\/author\/fuerzastudio\/"}]}},"_links":{"self":[{"href":"https:\/\/stage-ibratec.fuerzastudio.com\/es\/wp-json\/wp\/v2\/posts\/6656","targetHints":{"allow":["GET"]}}],"collection":[{"href":"https:\/\/stage-ibratec.fuerzastudio.com\/es\/wp-json\/wp\/v2\/posts"}],"about":[{"href":"https:\/\/stage-ibratec.fuerzastudio.com\/es\/wp-json\/wp\/v2\/types\/post"}],"author":[{"embeddable":true,"href":"https:\/\/stage-ibratec.fuerzastudio.com\/es\/wp-json\/wp\/v2\/users\/1"}],"replies":[{"embeddable":true,"href":"https:\/\/stage-ibratec.fuerzastudio.com\/es\/wp-json\/wp\/v2\/comments?post=6656"}],"version-history":[{"count":1,"href":"https:\/\/stage-ibratec.fuerzastudio.com\/es\/wp-json\/wp\/v2\/posts\/6656\/revisions"}],"predecessor-version":[{"id":6657,"href":"https:\/\/stage-ibratec.fuerzastudio.com\/es\/wp-json\/wp\/v2\/posts\/6656\/revisions\/6657"}],"wp:featuredmedia":[{"embeddable":true,"href":"https:\/\/stage-ibratec.fuerzastudio.com\/es\/wp-json\/wp\/v2\/media\/6620"}],"wp:attachment":[{"href":"https:\/\/stage-ibratec.fuerzastudio.com\/es\/wp-json\/wp\/v2\/media?parent=6656"}],"wp:term":[{"taxonomy":"category","embeddable":true,"href":"https:\/\/stage-ibratec.fuerzastudio.com\/es\/wp-json\/wp\/v2\/categories?post=6656"},{"taxonomy":"post_tag","embeddable":true,"href":"https:\/\/stage-ibratec.fuerzastudio.com\/es\/wp-json\/wp\/v2\/tags?post=6656"}],"curies":[{"name":"wp","href":"https:\/\/api.w.org\/{rel}","templated":true}]}}